{"id":98081,"date":"2019-07-23T16:03:26","date_gmt":"2019-07-23T14:03:26","guid":{"rendered":"https:\/\/zjarr.tv\/?p=98081"},"modified":"2019-07-23T16:03:26","modified_gmt":"2019-07-23T14:03:26","slug":"tirane-kapet-kultivuesi-i-droges-i-shpallur-ne-kerkim","status":"publish","type":"post","link":"https:\/\/zjarr.tv\/sq\/tirane-kapet-kultivuesi-i-droges-i-shpallur-ne-kerkim\/","title":{"rendered":"Tiran\u00eb, kapet kultivuesi i drog\u00ebs i shpallur n\u00eb k\u00ebrkim"},"content":{"rendered":"<p>&nbsp;<\/p>\n<p>Policia e Tiran\u00eb ka v\u00ebn\u00eb n\u00eb pranga nj\u00eb shtetas t\u00eb shpallur n\u00eb k\u00ebrkim gjat\u00eb operacionit antikanabis &#8220;Lugina 2&#8221;, i zhvilluar m\u00eb 12 korrik 2019, n\u00ebn akuz\u00ebn e \u201cKultivimit t\u00eb bim\u00ebve narkotike\u201d.<\/p>\n<p>Policia bn\u00eb me dije se i arrestuari \u00ebsht\u00eb shtetasi E. G., 39 vje\u00e7, banues n\u00eb Tiran\u00eb.<\/p>\n<p><em>\u201cShtetasit M.G. dhe T. G., kishin kultivuar ne vendin e quajtur \u00a0\u201cP\u00ebrroi i Bllomes\u201d, n\u00eb pyllin e fshatit M\u00ebnik, 60 bime t\u00eb dyshuara Canabis Sattiva. Gjat\u00eb operacionit antikanabis &#8220;Lugina 2, policia arrestoi n\u00eb flagranc\u00eb shtetasit M.G dhe T.G, nd\u00ebrsa shtetasi E.G mundi t\u00eb largohej\u201d,<\/em>\u00a0&#8211; njofton policia.<\/p>\n<p>Materialet n\u00eb ngarkim t\u00eb tij iu kaluan Prokuroris\u00eb s\u00eb Rrethit Gjyq\u00ebsor Tiran\u00eb, p\u00ebr vepr\u00ebn penale \u201cKultivimi i bim\u00ebve narkotike\u201d.<\/p>\n<p>&nbsp;<\/p>\n","protected":false},"excerpt":{"rendered":"<p>&nbsp; Policia e Tiran\u00eb ka v\u00ebn\u00eb n\u00eb pranga nj\u00eb shtetas t\u00eb shpallur n\u00eb k\u00ebrkim gjat\u00eb operacionit antikanabis &#8220;Lugina 2&#8221;, i zhvilluar m\u00eb 12 korrik 2019, n\u00ebn akuz\u00ebn e \u201cKultivimit t\u00eb bim\u00ebve narkotike\u201d. Policia bn\u00eb me dije se i arrestuari \u00ebsht\u00eb shtetasi E. G., 39 vje\u00e7, banues n\u00eb Tiran\u00eb. \u201cShtetasit M.G. dhe T. G., kishin kultivuar [&hellip;]<\/p>\n","protected":false},"author":2013,"featured_media":98124,"comment_status":"open","ping_status":"closed","sticky":false,"template":"","format":"standard","meta":{"footnotes":""},"categories":[241,235],"tags":[],"class_list":{"0":"post-98081","1":"post","2":"type-post","3":"status-publish","4":"format-standard","5":"has-post-thumbnail","7":"category-aktualitet","8":"category-vendi"},"_links":{"self":[{"href":"https:\/\/zjarr.tv\/sq\/wp-json\/wp\/v2\/posts\/98081","targetHints":{"allow":["GET"]}}],"collection":[{"href":"https:\/\/zjarr.tv\/sq\/wp-json\/wp\/v2\/posts"}],"about":[{"href":"https:\/\/zjarr.tv\/sq\/wp-json\/wp\/v2\/types\/post"}],"author":[{"embeddable":true,"href":"https:\/\/zjarr.tv\/sq\/wp-json\/wp\/v2\/users\/2013"}],"replies":[{"embeddable":true,"href":"https:\/\/zjarr.tv\/sq\/wp-json\/wp\/v2\/comments?post=98081"}],"version-history":[{"count":0,"href":"https:\/\/zjarr.tv\/sq\/wp-json\/wp\/v2\/posts\/98081\/revisions"}],"wp:featuredmedia":[{"embeddable":true,"href":"https:\/\/zjarr.tv\/sq\/wp-json\/wp\/v2\/media\/98124"}],"wp:attachment":[{"href":"https:\/\/zjarr.tv\/sq\/wp-json\/wp\/v2\/media?parent=98081"}],"wp:term":[{"taxonomy":"category","embeddable":true,"href":"https:\/\/zjarr.tv\/sq\/wp-json\/wp\/v2\/categories?post=98081"},{"taxonomy":"post_tag","embeddable":true,"href":"https:\/\/zjarr.tv\/sq\/wp-json\/wp\/v2\/tags?post=98081"}],"curies":[{"name":"wp","href":"https:\/\/api.w.org\/{rel}","templated":true}]}}