{"id":98131,"date":"2019-07-23T16:06:30","date_gmt":"2019-07-23T14:06:30","guid":{"rendered":"https:\/\/zjarr.tv\/?p=98131"},"modified":"2019-07-23T16:06:30","modified_gmt":"2019-07-23T14:06:30","slug":"tritol-monumentit-te-nacionalistit-grek-omonia-akt-terrorist","status":"publish","type":"post","link":"https:\/\/zjarr.tv\/sq\/tritol-monumentit-te-nacionalistit-grek-omonia-akt-terrorist\/","title":{"rendered":"Tritol monumentit t\u00eb nacionalistit grek, OMONIA: Akt terrorist"},"content":{"rendered":"<p>&nbsp;<\/p>\n<p>Bashkimi Demokratik i Minoritetit Etnik Grek ka reaguar lidhur me tritolin e vendosur or\u00ebt e para t\u00eb m\u00ebngjesit n\u00eb memorialin e nacionalistit grek Thimio Loli.<\/p>\n<p>Omonia e konsideron ngjarjen nj\u00eb goditje terroriste n\u00eb zem\u00ebr t\u00eb Minoritetit Etnik Grek. Nd\u00ebrsa shpreh pak\u00ebnaq\u00ebsin\u00eb e saj ndaj indiferenc\u00ebs s\u00eb autoriteteve kompetente p\u00ebr t\u00eb gjetur autor\u00ebt e vandalizimit para disa muajsh t\u00eb Monumentit t\u00eb Thimjo Lloli i l\u00eb ato t\u00eb ekspozuara.<\/p>\n<p>\u201cNga ana e jon\u00eb si nj\u00eb akt t\u00eb till\u00eb e denoncojm\u00eb dhe drejtojm\u00eb thirrjen ton\u00eb autoriteteve kompetente shtet\u00ebrore ta trajtojn\u00eb me praktik\u00ebn adekuate t\u00eb organizat\u00ebs s\u00eb strukturuar terroriste q\u00eb frym\u00ebzohet nga urrejtja nacionale dhe vepron me metodat e terrorizmit Islamik. Madje indifirenca e autoriteteve policore p\u00ebr t\u00eb gjetur dhe dor\u00ebzuar n\u00eb bank\u00ebn e t\u00eb akuzuarve ata t\u00eb cil\u00ebt para pak muajsh realizuan vandalizimin e Monumentit dhe t\u00eb Flamurit Grek, e v\u00eb n\u00eb pozit\u00ebn e bashk\u00ebp\u00ebrgjegj\u00ebsis\u00eb.\u201d thuhet n\u00eb deklarat\u00eb.<\/p>\n<p><strong>Deklarata e Plot\u00eb:<\/strong><\/p>\n<p>Sot n\u00eb t\u00eb gdhir\u00eb n\u00eb kryefshatin e trevave t\u00eb Vurgut, n\u00eb Krane dhe pik\u00ebrisht n\u00eb qendr\u00ebn e komunitetit, n\u00eb ambientet e oborrit t\u00eb Kish\u00ebs s\u00eb Hirshme dhe Shkoll\u00ebs, u sh\u00ebnua nj\u00eb goditje e organizuar terririste me p\u00ebrdorim t\u00eb nj\u00eb sasie t\u00eb konsiderueshme l\u00ebnd\u00ebsh plas\u00ebse. Shkas p\u00ebrb\u00ebn akoma nj\u00eb her\u00eb vandalizimi i Monumentit q\u00eb me nism\u00eb t\u00eb BDMEG OMONOIA, banor\u00ebve t\u00eb fshatit dhe me miratimin e autoriteteve lokale, ishte ngritur para disa vjet\u00ebsh p\u00ebr t\u00eb nderuar Kujtimin e luft\u00ebtarit legjendar p\u00ebr t\u00eb drejtat e komuniteteve lokale, Thimjo Lloli.<\/p>\n<p>Monumenti pas k\u00ebtij akti u shkat\u00ebrrua t\u00ebr\u00ebsisht por p\u00ebrtej k\u00ebsaj grupi i organizuar q\u00eb veproi deshi t\u00eb d\u00ebrgoj edhe mesazhin se nuk mjaftohet vet\u00ebm me vare dhe lloza. Tanim\u00eb aktivizohet me metoda t\u00eb terrorizmit!<\/p>\n<p>Nga ana e jon\u00eb si nj\u00eb akt t\u00eb till\u00eb e denoncojm\u00eb dhe drejtojm\u00eb thirrjen ton\u00eb autoriteteve kompetente shtet\u00ebrore ta trajtojn\u00eb me praktik\u00ebn adekuate t\u00eb organizat\u00ebs s\u00eb strukturuar terroriste q\u00eb frym\u00ebzohet nga urrejtja nacionale dhe vepron me metodat e terrorizmit Islamik. Madje indifirenca e autoriteteve policore p\u00ebr t\u00eb gjetur dhe dor\u00ebzuar n\u00eb bank\u00ebn e t\u00eb akuzuarve ata t\u00eb cil\u00ebt para pak muajsh realizuan vandalizimin e Monumentit dhe t\u00eb Flamurit Grek, e v\u00eb n\u00eb pozit\u00ebn e bashk\u00ebp\u00ebrgjegj\u00ebsis\u00eb.<\/p>\n<p>Madje nuk \u00ebsht\u00eb koin\u00e7idenc\u00eb e rastit q\u00eb bashk\u00eb me t\u00eb tjera episode t\u00eb r\u00ebnda t\u00eb grabitjeve dhe shkat\u00ebrrimeve n\u00eb banesa t\u00eb pjes\u00ebtar\u00ebve t\u00eb MEG, t\u00eb gjitha ndodhin n\u00eb kuadrin e gjendjes s\u00eb brendshme jo t\u00eb q\u00ebndrueshme n\u00eb Shqip\u00ebri dhe n\u00eb periudh\u00ebn q\u00eb pjes\u00ebtar\u00eb t\u00eb Komunitetit ton\u00eb q\u00eb jetojn\u00eb n\u00eb Greqi, kthehen masivisht n\u00eb fshatrat dhe krahinat e tyre.<\/p>\n<p>Nga ana e jon\u00eb si BDMEG OMONOIA jemi tanim\u00eb orientuar n\u00eb vendimin q\u00eb arkitekt\u00eb dhe artist\u00eb pjes\u00ebtar\u00eb t\u00eb MEG t\u00eb realizojn\u00eb projektin respektiv dhe propozimin dhe gjithashtu realizimin e nj\u00eb fushate mes an\u00ebtar\u00ebve t\u00eb Organizat\u00ebs,p\u00ebr grumbullimin e fondeve t\u00eb nevojshme, p\u00ebr ngritjen e nj\u00eb Monumenti t\u00eb ri t\u00eb p\u00ebrshtatsh\u00ebm p\u00ebr Thimjo Lloli-n por edhe p\u00ebr historin\u00eb e p\u00ebrpjekjeve tona n\u00eb vijim\u00ebsin\u00eb e prezenc\u00ebs historike t\u00eb Helenizmit n\u00eb trevat amtare.<\/p>\n<p>&nbsp;<\/p>\n","protected":false},"excerpt":{"rendered":"<p>&nbsp; Bashkimi Demokratik i Minoritetit Etnik Grek ka reaguar lidhur me tritolin e vendosur or\u00ebt e para t\u00eb m\u00ebngjesit n\u00eb memorialin e nacionalistit grek Thimio Loli. Omonia e konsideron ngjarjen nj\u00eb goditje terroriste n\u00eb zem\u00ebr t\u00eb Minoritetit Etnik Grek. Nd\u00ebrsa shpreh pak\u00ebnaq\u00ebsin\u00eb e saj ndaj indiferenc\u00ebs s\u00eb autoriteteve kompetente p\u00ebr t\u00eb gjetur autor\u00ebt e vandalizimit [&hellip;]<\/p>\n","protected":false},"author":2013,"featured_media":98132,"comment_status":"open","ping_status":"closed","sticky":false,"template":"","format":"standard","meta":{"footnotes":""},"categories":[241,235],"tags":[],"class_list":{"0":"post-98131","1":"post","2":"type-post","3":"status-publish","4":"format-standard","5":"has-post-thumbnail","7":"category-aktualitet","8":"category-vendi"},"_links":{"self":[{"href":"https:\/\/zjarr.tv\/sq\/wp-json\/wp\/v2\/posts\/98131","targetHints":{"allow":["GET"]}}],"collection":[{"href":"https:\/\/zjarr.tv\/sq\/wp-json\/wp\/v2\/posts"}],"about":[{"href":"https:\/\/zjarr.tv\/sq\/wp-json\/wp\/v2\/types\/post"}],"author":[{"embeddable":true,"href":"https:\/\/zjarr.tv\/sq\/wp-json\/wp\/v2\/users\/2013"}],"replies":[{"embeddable":true,"href":"https:\/\/zjarr.tv\/sq\/wp-json\/wp\/v2\/comments?post=98131"}],"version-history":[{"count":0,"href":"https:\/\/zjarr.tv\/sq\/wp-json\/wp\/v2\/posts\/98131\/revisions"}],"wp:featuredmedia":[{"embeddable":true,"href":"https:\/\/zjarr.tv\/sq\/wp-json\/wp\/v2\/media\/98132"}],"wp:attachment":[{"href":"https:\/\/zjarr.tv\/sq\/wp-json\/wp\/v2\/media?parent=98131"}],"wp:term":[{"taxonomy":"category","embeddable":true,"href":"https:\/\/zjarr.tv\/sq\/wp-json\/wp\/v2\/categories?post=98131"},{"taxonomy":"post_tag","embeddable":true,"href":"https:\/\/zjarr.tv\/sq\/wp-json\/wp\/v2\/tags?post=98131"}],"curies":[{"name":"wp","href":"https:\/\/api.w.org\/{rel}","templated":true}]}}