{"id":98153,"date":"2019-07-23T16:29:49","date_gmt":"2019-07-23T14:29:49","guid":{"rendered":"https:\/\/zjarr.tv\/?p=98153"},"modified":"2019-07-23T16:29:49","modified_gmt":"2019-07-23T14:29:49","slug":"dw-ka-nje-pyetje-per-edi-ramen-lufte-ndaj-fake-news-apo-atentat-lirise-se-shprehjes","status":"publish","type":"post","link":"https:\/\/zjarr.tv\/sq\/dw-ka-nje-pyetje-per-edi-ramen-lufte-ndaj-fake-news-apo-atentat-lirise-se-shprehjes\/","title":{"rendered":"DW ka nj\u00eb pyetje p\u00ebr Edi Ram\u00ebn: Luft\u00eb ndaj Fake News, apo atentat liris\u00eb s\u00eb shprehjes?!"},"content":{"rendered":"<p>&nbsp;<\/p>\n<p>Dy projektligje kund\u00ebr Fake News n\u00eb portalet dhe median on line u miratuan dit\u00ebt e fundit nga qeveria socialiste e kryeministrit Edi Rama.<\/p>\n<p>N\u00eb shtator, me rifillimin e punimeve t\u00eb Parlamentit pas pushimeve t\u00eb gushtit,\u00a0 pritet q\u00eb ato t\u00eb votohen apo t\u00eb rr\u00ebzohen nga deputet\u00ebt.\u00a0 Sipas qeveris\u00eb dy projektligjet n\u00eb fjal\u00eb, t\u00eb njohura si\u00a0\u00a0 &#8220;Paketa anti shpifje\u201d jan\u00eb nj\u00eb p\u00ebrpjekje p\u00ebr t\u00eb luftuar &#8221; epidemin\u00eb e Fake News &#8211; lajmeve t\u00eb rreme-,\u00a0 p\u00ebr t\u00eb mbrojtur f\u00ebmij\u00ebt nga abuzimet on line, p\u00ebr t\u00eb forcuar Autoritetin e Mediave Audio- Vizuale, (AMA).\u201d<\/p>\n<p>Paketa ligjore n\u00eb fjal\u00eb \u00ebsht\u00eb kritikuar ashp\u00ebr nga gazetar\u00eb, shoqata t\u00eb tyre dhe ato t\u00eb mbrojtjes s\u00eb t\u00eb drejtave t\u00eb njeriut. N\u00eb nj\u00eb deklarat\u00eb publike t\u00eb hartuar prej 10 syresh kjo paket\u00eb cil\u00ebsohet si\u00a0 &#8220;Paketa ligjore e censurimit,\u00a0 e vendosjes s\u00eb kontrollit administrativ mbi median on line\u201d. 10 shoqatat kan\u00eb ngritur alarm publik alarm p\u00ebr c\u00ebnimin serioz t\u00eb liris\u00eb s\u00eb shprehjes n\u00ebse Parlamenti e miraton dhe i b\u00ebjn\u00eb thirrje deputet\u00ebve q\u00eb n\u00eb shtator t\u00eb votojn\u00eb kund\u00ebr.<\/p>\n<p>P\u00ebr opozit\u00ebn jasht\u00eb parlamentit, t\u00eb kryesuatr nga PD, me Paket\u00ebn anti-shpifje qeveria Rama synon &#8220;t\u00eb kontrolloj\u00eb, gjobis\u00eb , mbyll\u00eb portalet kritike ndaj qeveris\u00eb\u201d.<\/p>\n<p>Pushtet i institucioneve administrative mbi mediat on line<\/p>\n<p>Jan\u00eb dy projektligje q\u00eb p\u00ebrb\u00ebjn\u00eb &#8220;Paket\u00ebn ligjore anti-shpifje\u201d dhe kan\u00eb shkaktuar alarm dhe angazhim publik. Nj\u00ebri\u00a0 i jep K\u00ebshillit t\u00eb Ankesave tek AMA pushtetin q\u00eb t\u00eb detyroj\u00eb ofruesit e sh\u00ebrbimve on line n\u00eb fush\u00ebn e publikimeve t\u00eb ndryshojn\u00eb \/ korigjojn\u00eb p\u00ebrmbajtjen\u00a0 e tyre, t\u00eb publikojn\u00eb ankesa, q\u00eb duhet t\u00eb shfaqen nj\u00eblloj si reklamat on line, sa her\u00eb q\u00eb n\u00eb publikimet on line c\u00ebnohet\/dhunohet dinjiteti ose privat\u00ebsia e qytetar\u00ebve. N\u00eb rast t\u00eb kund\u00ebrt K\u00ebshilli i Ankesave ka pushtetin t\u00eb v\u00ebr\u00eb gjoba q\u00eb shkojn\u00eb deri n\u00eb 10 milion\u00eb lek\u00eb ose 8.300 Euro. K\u00ebshilli i Ankesave do t\u00eb menaxhoj\u00eb edhe t\u00eb drejt\u00ebn e p\u00ebrgjigjes \/ replik\u00ebs s\u00eb pal\u00ebve t\u00eb prekura q\u00eb nga qytetar\u00ebt deri tek institucionet, an\u00ebtar\u00ebt e qeveris\u00eb, deputet\u00ebt, kryebashkiak\u00ebt etj.<\/p>\n<p>Projektligji i dyt\u00eb ka t\u00eb b\u00ebj\u00eb me nj\u00eb tjet\u00ebr instituciion administrativ: Autoritetin e Komunikimeve Elektronike dhe Postale (AKEP), t\u00eb cili i jepet pushteti t\u00eb vendos\u00eb inserte, nj\u00eblloj si reklamat tek\u00a0 portalet online, n\u00ebse K\u00ebshilli i Ankesave konstaton se ofruesit e publikimeve on line\u00a0 nuk kan\u00eb zbatuar ligjet e reja. N\u00ebse portalet nuk zbatojn\u00eb edhe AKEP-it i jepet meligj e drejta t&#8217;u v\u00ebr\u00eb gjoba q\u00eb shkojn\u00eb deri n\u00eb 10 milion\u00eb lek\u00eb ose 8.300 Euro, shum\u00eb q\u00eb p\u00ebrb\u00ebn n\u00eb rastin m\u00eb t\u00eb mir\u00eb gjith\u00eb\u00a0 pag\u00ebn vjetore t\u00eb nj\u00eb gazetari q\u00eb mund t\u00eb gjobitet p\u00ebr nj\u00eb shkrim t\u00eb vet\u00ebm on line, n\u00eb rastin m\u00eb t\u00eb keq pag\u00ebn e dy viteve.<\/p>\n<p>N\u00eb dy projektligjet e m\u00ebsip\u00ebrme parashikohet q\u00eb gjobat duhen paguar menj\u00ebher\u00eb\u00a0 dhe m\u00eb pas subjektet e prekura mund t&#8217;i drejtohen gjykat\u00ebs. Paketa ligjore e sapo miratuar nga qeveria p\u00ebrmban edhe detyrimin e krijimit n\u00eb AMA t\u00eb nj\u00eb regjistri t\u00eb mediave on line. Dy projekligjet e saj nuk b\u00ebjn\u00eb diferencime mes\u00a0 portaleve t\u00eb fuqishme on line dhe blogjeve individuale.<\/p>\n<p>Paketa anti shpifje premisa p\u00ebr censur\u00eb dhe auto-censur\u00eb<\/p>\n<p>Nga ana tjet\u00ebr\u00a0 ekipet e\u00a0 AMA\u00a0 dhe AKEP, q\u00eb do t\u00eb gjykojn\u00eb publikimin ose jo t\u00eb Fake News apo shpifjeve n\u00eb median on line jan\u00eb pjes\u00eb\u00a0 e k\u00ebtyre\u00a0 institucioneve, &#8220;t\u00eb zgjedhura dhe mbajtura n\u00ebn ndikim nga politika ose grupet e m\u00ebdha financiare q\u00eb flirtojn\u00eb me politik\u00ebn e qeveris\u00eb&#8221; thekson ai.<\/p>\n<p>Kristina Voko , kryeredaktorja e BIRN &#8211; Albania, organizat\u00ebs mediatike, pjes\u00ebmarr\u00ebse n\u00eb deklarat\u00ebn publike kund\u00ebr paket\u00ebs anti-shpifje&#8221; thot\u00eb p\u00ebr DW, se \u201e m\u00eb tep\u00ebr se t\u00eb luftoj\u00eb Fake News dhe shpifjen qeveria synon t\u00eb ngrej\u00eb nj\u00eb mekaniz\u00ebm\u00a0 censure dhe kontrolli mbi mediat on line&#8221;.<\/p>\n<p>&#8220;N\u00eb Europ\u00eb, me p\u00ebrjashtimn t\u00eb Rusis\u00eb asnj\u00eb vend nuk p\u00ebrdor institucione\u00a0 administrative si AMA p\u00ebr t\u00eb rregulluar p\u00ebrmbajtjen e mediave on line. Gjobat jan\u00eb dragoniane dhe shtyjn\u00eb gazetar\u00ebt drejt auto-censur\u00ebs dhe anashkalojn\u00eb ose i mbivendosen rolit t\u00eb gjykatave. BIRN mendon se dy projektligjet jan\u00eb nj\u00eb atentat ndaj liris\u00eb s\u00eb shprehjes dhe medias\u201d thekson Kristina Voko.<\/p>\n<p>Drejtuesja e &#8221; Komitetit t\u00eb Helsinkit&#8221; Erida Sk\u00ebndaj n\u00eb blogun e saj\u00a0 v\u00eb n\u00eb dukje, se &#8221; AMA nuk ka garanci p\u00ebr\u00a0 t\u00eb qen\u00eb nj\u00eb institucion i pavarur politikisht pasi formula aktuale e p\u00ebrb\u00ebrjes s\u00eb saj \u00ebsht\u00eb n\u00eb favor t\u00eb maxhoranx\u00ebs socialiste\u201d.<\/p>\n<p>BE dhe OSBE: Projektligjet duhen p\u00ebrmir\u00ebsuar<\/p>\n<p>Paketa ligjore anti-shpifje \u00ebsht\u00eb hartuar n\u00eb konsultim me OSBE dhe BE. P\u00ebrfaq\u00ebsuesi p\u00ebr lirin\u00eb e medias n\u00eb OSBE, Harlem Desir, n\u00eb analiz\u00ebn ligjore t\u00eb dy projektligjeve t\u00eb b\u00ebr\u00eb publike prej tij v\u00eb n\u00eb dukje,\u00a0 se \u201d paketa ligjore anti shpifje ka nevoj\u00eb p\u00ebr p\u00ebrmir\u00ebsime t\u00eb m\u00ebtejshme\u201d<\/p>\n<p>&#8220;AMA, si rregullatori medias audio- vizuale n\u00eb Shqip\u00ebri nuk duhet t\u00eb z\u00ebvend\u00ebsoj\u00eb gjykatat e pavarura ose mekanizmat vet\u00eb rregulluese p\u00ebr lirin\u00eb e shprehjes, t\u00eb bllokoj\u00eb p\u00ebrmbajtjen e publikimeve\u00a0 on line, t\u00eb vendos\u00eb gjobat apo t\u00eb p\u00ebrcaktoj\u00eb modalitetet e s\u00eb drejt\u00ebs p\u00ebr p\u00ebrgjigje\u201d v\u00eb n\u00ebdukje analiza ligjore e OSBE.<\/p>\n<p>Dy projektligjet po shqyrtohen edhe nga BE. Ambasadori i Delegacionit\u00a0 t\u00eb BE n\u00eb Tiran\u00eb, Luigi Soreca,\u00a0 deklaroi se\u00a0 &#8221; BE po i shqyrton s\u00eb bashku me partner\u00eb t\u00eb tjer\u00eb nd\u00ebrkomb\u00ebtar\u00eb\u201d .<\/p>\n<p>10 organizatat e gazetar\u00ebve dhe t\u00eb t\u00eb drejtave t\u00eb njeriut i jan\u00eb adresuar BE dhe OSBE p\u00ebr t\u00eb k\u00ebrkuar\u00a0 q\u00eb t\u00eb marrin parasysh objeksionet dhe komentet e tyre\u00a0 ndaj dy projektligjeve. Ato k\u00ebrkojn\u00eb\u00a0 q\u00eb kopetencat n\u00eb luft\u00ebn kund\u00ebr Fake News dhe shpifjeve t&#8217;i marrin\u00a0 institucionet vet\u00ebrregulluese q\u00eb duhet t\u00eb ngrihen nga komuniteti i gazetar\u00ebve dhe ekspert\u00ebve profesionist\u00eb p\u00ebr lirine e medias<\/p>\n<p>&nbsp;<\/p>\n<p>&nbsp;<\/p>\n<p>&nbsp;<\/p>\n<p>&nbsp;<\/p>\n<p>&nbsp;<\/p>\n<p>&nbsp;<\/p>\n","protected":false},"excerpt":{"rendered":"<p>&nbsp; Dy projektligje kund\u00ebr Fake News n\u00eb portalet dhe median on line u miratuan dit\u00ebt e fundit nga qeveria socialiste e kryeministrit Edi Rama. N\u00eb shtator, me rifillimin e punimeve t\u00eb Parlamentit pas pushimeve t\u00eb gushtit,\u00a0 pritet q\u00eb ato t\u00eb votohen apo t\u00eb rr\u00ebzohen nga deputet\u00ebt.\u00a0 Sipas qeveris\u00eb dy projektligjet n\u00eb fjal\u00eb, t\u00eb njohura si\u00a0\u00a0 [&hellip;]<\/p>\n","protected":false},"author":2013,"featured_media":76602,"comment_status":"open","ping_status":"closed","sticky":false,"template":"","format":"standard","meta":{"footnotes":""},"categories":[241,235],"tags":[],"class_list":{"0":"post-98153","1":"post","2":"type-post","3":"status-publish","4":"format-standard","5":"has-post-thumbnail","7":"category-aktualitet","8":"category-vendi"},"_links":{"self":[{"href":"https:\/\/zjarr.tv\/sq\/wp-json\/wp\/v2\/posts\/98153","targetHints":{"allow":["GET"]}}],"collection":[{"href":"https:\/\/zjarr.tv\/sq\/wp-json\/wp\/v2\/posts"}],"about":[{"href":"https:\/\/zjarr.tv\/sq\/wp-json\/wp\/v2\/types\/post"}],"author":[{"embeddable":true,"href":"https:\/\/zjarr.tv\/sq\/wp-json\/wp\/v2\/users\/2013"}],"replies":[{"embeddable":true,"href":"https:\/\/zjarr.tv\/sq\/wp-json\/wp\/v2\/comments?post=98153"}],"version-history":[{"count":0,"href":"https:\/\/zjarr.tv\/sq\/wp-json\/wp\/v2\/posts\/98153\/revisions"}],"wp:featuredmedia":[{"embeddable":true,"href":"https:\/\/zjarr.tv\/sq\/wp-json\/wp\/v2\/media\/76602"}],"wp:attachment":[{"href":"https:\/\/zjarr.tv\/sq\/wp-json\/wp\/v2\/media?parent=98153"}],"wp:term":[{"taxonomy":"category","embeddable":true,"href":"https:\/\/zjarr.tv\/sq\/wp-json\/wp\/v2\/categories?post=98153"},{"taxonomy":"post_tag","embeddable":true,"href":"https:\/\/zjarr.tv\/sq\/wp-json\/wp\/v2\/tags?post=98153"}],"curies":[{"name":"wp","href":"https:\/\/api.w.org\/{rel}","templated":true}]}}