{"id":98155,"date":"2019-07-23T16:31:07","date_gmt":"2019-07-23T14:31:07","guid":{"rendered":"https:\/\/zjarr.tv\/?p=98155"},"modified":"2019-07-23T16:31:07","modified_gmt":"2019-07-23T14:31:07","slug":"reforma-ne-drejtesi-vasili-i-pergjigjet-shefes-se-onm-se-nuk-do-presim-1-mije-vjet-sa-roma","status":"publish","type":"post","link":"https:\/\/zjarr.tv\/sq\/reforma-ne-drejtesi-vasili-i-pergjigjet-shefes-se-onm-se-nuk-do-presim-1-mije-vjet-sa-roma\/","title":{"rendered":"Reforma n\u00eb drejt\u00ebsi\/ Vasili i p\u00ebrgjigjet shefes s\u00eb ONM-s\u00eb: Nuk do presim 1 mij\u00eb vjet sa Roma"},"content":{"rendered":"<p>&nbsp;<\/p>\n<p>\u201cRoma nuk \u00ebsht\u00eb nd\u00ebrtuar n\u00eb nj\u00eb dit\u00eb, k\u00ebshtu q\u00eb nj\u00eb reform\u00eb e till\u00eb nuk mund t\u00eb b\u00ebhet n\u00eb nj\u00eb dit\u00eb, por do vite dhe integritet&#8221;.<\/p>\n<p>Kjo \u00ebsht\u00eb proverba q\u00eb p\u00ebrdori n\u00eb 3-vjetorin e ndryshimeve kushtetuese p\u00ebr reform\u00ebn n\u00eb drejt\u00ebsi shefja e ONM-s Genoveva Ruiz Calavera.<\/p>\n<p>Deklarata e Calaveras erdhi gjat\u00eb inaugurimit t\u00eb \u201cPoli i Drejt\u00ebsis\u00eb\u201d, nd\u00ebrsa p\u00ebrgjigjen p\u00ebr t\u00eb vjen nga n\u00ebnkryetari i LSI, Petrit Vasili.<\/p>\n<p>Duke q\u00ebndruar s\u00ebrish te Roma, Vasili i kujton shefes s\u00eb ONM-s\u00eb se, nuk do t\u00eb presim 1 mij\u00eb vjet sa kryeqyteti italian p\u00ebr reform\u00ebn n\u00eb drejt\u00ebsi.<\/p>\n<p>Postimi i plot\u00eb i Petrit Vasilit:<\/p>\n<p>Calavera nuk do presim 1 mije vjet sa Roma per reformen ne drejtesi!!!<\/p>\n<p>Dje Calavera tha: &#8220;Duhet t\u00eb jemi krenar\u00eb me at\u00eb q\u00eb \u00ebsht\u00eb arritur. Proverba thot\u00eb se Roma nuk \u00ebsht\u00eb nd\u00ebrtuar n\u00eb nj\u00eb dit\u00eb, k\u00ebshtu q\u00eb nj\u00eb reform\u00eb e till\u00eb nuk mund t\u00eb b\u00ebhet n\u00eb nj\u00eb dit\u00eb, por do vite dhe integritet.&#8221;<\/p>\n<p>Kushtetuta e 21-22 korrikut ka afate te qarta te shkruara e zeza mbi te bardhe per te mos pritur sa Roma per reforme,por ato jane shkelur e dhunuar nga fillimi ne fund,<\/p>\n<p>1.A e rrit dhe garanton integritetin e reformes dhunimi i corpusit juridik baze te saj sic eshte kushtetuta normat dhe afatet e saj ???<\/p>\n<p>Kandidatet e kontestuar fort nga vete ONM e Calaveres sot jane anetare te shumices se KLGJ dhe KLP sepse rilindja i hodhi ne kosh edhe konstatimet e ONM dhe i zgjodhi ata se i duheshin per te kapur drejtesine.<\/p>\n<p>2.A e rrit dhe garanton integritetin e reformes prania e ketyre anetareve te KLGJ dhe KLP pa asnje integritet??<\/p>\n<p>Calavera i referohet Romes dhe mire ben,<\/p>\n<p>por shqiptaret nuk kane kohe te presin 1 mije vjet,<\/p>\n<p>ata kerkojne respekt absolut te kushtetutes se tyre qe e lexojne vetem ne shqip,<\/p>\n<p>ata refuzojne kapjen e drejtesise nga rilindja me ane te klienteve te saj dhe me integritet te rrenuar, qe kane mbushur institucionet e reja.<\/p>\n<p>Qe Calavera nuk do te pergjigjet kjo dihet..!<\/p>\n<p>Te pakten te na kurseje retorikat me dogmat alla komuniste te se shkuares me armiq dhe me dashnore te reformes ne drejtesi.<\/p>\n<p>&nbsp;<\/p>\n<p>&nbsp;<\/p>\n<p>&nbsp;<\/p>\n<p>&nbsp;<\/p>\n","protected":false},"excerpt":{"rendered":"<p>&nbsp; \u201cRoma nuk \u00ebsht\u00eb nd\u00ebrtuar n\u00eb nj\u00eb dit\u00eb, k\u00ebshtu q\u00eb nj\u00eb reform\u00eb e till\u00eb nuk mund t\u00eb b\u00ebhet n\u00eb nj\u00eb dit\u00eb, por do vite dhe integritet&#8221;. Kjo \u00ebsht\u00eb proverba q\u00eb p\u00ebrdori n\u00eb 3-vjetorin e ndryshimeve kushtetuese p\u00ebr reform\u00ebn n\u00eb drejt\u00ebsi shefja e ONM-s Genoveva Ruiz Calavera. Deklarata e Calaveras erdhi gjat\u00eb inaugurimit t\u00eb \u201cPoli i [&hellip;]<\/p>\n","protected":false},"author":2013,"featured_media":70162,"comment_status":"open","ping_status":"closed","sticky":false,"template":"","format":"standard","meta":{"footnotes":""},"categories":[241,235],"tags":[],"class_list":{"0":"post-98155","1":"post","2":"type-post","3":"status-publish","4":"format-standard","5":"has-post-thumbnail","7":"category-aktualitet","8":"category-vendi"},"_links":{"self":[{"href":"https:\/\/zjarr.tv\/sq\/wp-json\/wp\/v2\/posts\/98155","targetHints":{"allow":["GET"]}}],"collection":[{"href":"https:\/\/zjarr.tv\/sq\/wp-json\/wp\/v2\/posts"}],"about":[{"href":"https:\/\/zjarr.tv\/sq\/wp-json\/wp\/v2\/types\/post"}],"author":[{"embeddable":true,"href":"https:\/\/zjarr.tv\/sq\/wp-json\/wp\/v2\/users\/2013"}],"replies":[{"embeddable":true,"href":"https:\/\/zjarr.tv\/sq\/wp-json\/wp\/v2\/comments?post=98155"}],"version-history":[{"count":0,"href":"https:\/\/zjarr.tv\/sq\/wp-json\/wp\/v2\/posts\/98155\/revisions"}],"wp:featuredmedia":[{"embeddable":true,"href":"https:\/\/zjarr.tv\/sq\/wp-json\/wp\/v2\/media\/70162"}],"wp:attachment":[{"href":"https:\/\/zjarr.tv\/sq\/wp-json\/wp\/v2\/media?parent=98155"}],"wp:term":[{"taxonomy":"category","embeddable":true,"href":"https:\/\/zjarr.tv\/sq\/wp-json\/wp\/v2\/categories?post=98155"},{"taxonomy":"post_tag","embeddable":true,"href":"https:\/\/zjarr.tv\/sq\/wp-json\/wp\/v2\/tags?post=98155"}],"curies":[{"name":"wp","href":"https:\/\/api.w.org\/{rel}","templated":true}]}}