{"id":98174,"date":"2019-07-23T17:47:22","date_gmt":"2019-07-23T15:47:22","guid":{"rendered":"https:\/\/zjarr.tv\/?p=98174"},"modified":"2019-07-23T17:47:22","modified_gmt":"2019-07-23T15:47:22","slug":"humb-jeten-pushuesi-ne-plazhin-e-velipojes","status":"publish","type":"post","link":"https:\/\/zjarr.tv\/sq\/humb-jeten-pushuesi-ne-plazhin-e-velipojes\/","title":{"rendered":"Humb jet\u00ebn pushuesi n\u00eb plazhin e Velipoj\u00ebs"},"content":{"rendered":"<p>&nbsp;<\/p>\n<p>Nj\u00eb tjet\u00ebr pushues ka humbur jet\u00ebn n\u00eb bregdetin shqiptar dit\u00ebn e sotme.<\/p>\n<p>Ngjarja ka ndodhur n\u00eb or\u00ebt e pasdites n\u00eb plazhin e Velipoj\u00ebs.<\/p>\n<p>Viktima e radh\u00ebs \u00ebsht\u00eb pushuesi Jusuf Kryeziu nga Kosova, i mosh\u00ebs 84 vje\u00e7.<\/p>\n<p>I moshuari ka p\u00ebsuar infarkt, duke humbur jet\u00ebn pa pasur mund\u00ebsi t\u00eb marr\u00eb ndihm\u00ebn e par\u00eb mjek\u00ebsore.<\/p>\n<p>Deri m\u00eb tani i pushuesve q\u00eb kan\u00eb humbur jet\u00ebn \u00ebsht\u00eb 7, pjesa m\u00eb e madhe t\u00eb mbytur n\u00eb det.<\/p>\n<p>&nbsp;<\/p>\n","protected":false},"excerpt":{"rendered":"<p>&nbsp; Nj\u00eb tjet\u00ebr pushues ka humbur jet\u00ebn n\u00eb bregdetin shqiptar dit\u00ebn e sotme. Ngjarja ka ndodhur n\u00eb or\u00ebt e pasdites n\u00eb plazhin e Velipoj\u00ebs. Viktima e radh\u00ebs \u00ebsht\u00eb pushuesi Jusuf Kryeziu nga Kosova, i mosh\u00ebs 84 vje\u00e7. I moshuari ka p\u00ebsuar infarkt, duke humbur jet\u00ebn pa pasur mund\u00ebsi t\u00eb marr\u00eb ndihm\u00ebn e par\u00eb mjek\u00ebsore. Deri [&hellip;]<\/p>\n","protected":false},"author":2013,"featured_media":38161,"comment_status":"open","ping_status":"closed","sticky":false,"template":"","format":"standard","meta":{"footnotes":""},"categories":[241,235],"tags":[],"class_list":{"0":"post-98174","1":"post","2":"type-post","3":"status-publish","4":"format-standard","5":"has-post-thumbnail","7":"category-aktualitet","8":"category-vendi"},"_links":{"self":[{"href":"https:\/\/zjarr.tv\/sq\/wp-json\/wp\/v2\/posts\/98174","targetHints":{"allow":["GET"]}}],"collection":[{"href":"https:\/\/zjarr.tv\/sq\/wp-json\/wp\/v2\/posts"}],"about":[{"href":"https:\/\/zjarr.tv\/sq\/wp-json\/wp\/v2\/types\/post"}],"author":[{"embeddable":true,"href":"https:\/\/zjarr.tv\/sq\/wp-json\/wp\/v2\/users\/2013"}],"replies":[{"embeddable":true,"href":"https:\/\/zjarr.tv\/sq\/wp-json\/wp\/v2\/comments?post=98174"}],"version-history":[{"count":0,"href":"https:\/\/zjarr.tv\/sq\/wp-json\/wp\/v2\/posts\/98174\/revisions"}],"wp:featuredmedia":[{"embeddable":true,"href":"https:\/\/zjarr.tv\/sq\/wp-json\/wp\/v2\/media\/38161"}],"wp:attachment":[{"href":"https:\/\/zjarr.tv\/sq\/wp-json\/wp\/v2\/media?parent=98174"}],"wp:term":[{"taxonomy":"category","embeddable":true,"href":"https:\/\/zjarr.tv\/sq\/wp-json\/wp\/v2\/categories?post=98174"},{"taxonomy":"post_tag","embeddable":true,"href":"https:\/\/zjarr.tv\/sq\/wp-json\/wp\/v2\/tags?post=98174"}],"curies":[{"name":"wp","href":"https:\/\/api.w.org\/{rel}","templated":true}]}}