{"id":98253,"date":"2019-07-24T13:34:21","date_gmt":"2019-07-24T11:34:21","guid":{"rendered":"https:\/\/zjarr.tv\/?p=98253"},"modified":"2019-07-24T13:34:21","modified_gmt":"2019-07-24T11:34:21","slug":"teatri-meta-ligji-krim-kushtetues-boll-me-me-sundimin-e-oligarkeve","status":"publish","type":"post","link":"https:\/\/zjarr.tv\/sq\/teatri-meta-ligji-krim-kushtetues-boll-me-me-sundimin-e-oligarkeve\/","title":{"rendered":"Teatri\/ Meta: Ligji krim kushtetues, boll m\u00eb me sundimin e oligark\u00ebve"},"content":{"rendered":"<p>&nbsp;<\/p>\n<p>N\u00eb nj\u00eb prononcim p\u00ebr mediat, pasi dor\u00ebzoi n\u00eb Gjykat\u00ebs Kushtetuese k\u00ebrkes\u00ebn p\u00ebr t\u00eb shpallur antikushtetues ligjin p\u00ebr shembjne e Teatrit Komb\u00ebtar, Presidenti Ilir Meta tha se ligji \u00ebsht\u00eb nj\u00eb simbol, kryevep\u00ebr ku si asnj\u00ebher\u00eb m\u00eb par\u00eb kryhet n\u00eb harmoni, nj\u00eb krim kushtetues komb\u00ebtar kulturor,<\/p>\n<p>\u201cN\u00eb radh\u00eb t\u00eb par\u00eb dua t\u00eb theksoj r\u00ebnd\u00ebsin\u00eb e madhe q\u00eb ka ky akt sot. N\u00eb koherenc\u00eb me p\u00ebrpjekjet e mia n\u00eb raport me kuvendin, qeverin\u00eb, t\u00eb p\u00ebrfshira n\u00eb k\u00ebt\u00eb proces kriminal t\u00eb kapjes m\u00eb flagrante t\u00eb shtetit n\u00eb dhunim t\u00eb rendin kushtetues dhe nj\u00ebkoh\u00ebsisht n\u00eb kund\u00ebrshtim t\u00eb plot\u00eb edhe me interesat komb\u00ebtare. Ligji \u00ebsht\u00eb nj\u00eb simbol, kryevep\u00ebr ku si asnj\u00ebher\u00eb m\u00eb par\u00eb kryhet n\u00eb harmoni, nj\u00eb krim kushtetues komb\u00ebtar kulturor, e gjitha n\u00eb interesa t\u00eb asaj q\u00eb mund ta quaj rregull i oligark\u00ebve\u201d tha Meta<\/p>\n<p>&nbsp;<\/p>\n","protected":false},"excerpt":{"rendered":"<p>&nbsp; N\u00eb nj\u00eb prononcim p\u00ebr mediat, pasi dor\u00ebzoi n\u00eb Gjykat\u00ebs Kushtetuese k\u00ebrkes\u00ebn p\u00ebr t\u00eb shpallur antikushtetues ligjin p\u00ebr shembjne e Teatrit Komb\u00ebtar, Presidenti Ilir Meta tha se ligji \u00ebsht\u00eb nj\u00eb simbol, kryevep\u00ebr ku si asnj\u00ebher\u00eb m\u00eb par\u00eb kryhet n\u00eb harmoni, nj\u00eb krim kushtetues komb\u00ebtar kulturor, \u201cN\u00eb radh\u00eb t\u00eb par\u00eb dua t\u00eb theksoj r\u00ebnd\u00ebsin\u00eb e madhe [&hellip;]<\/p>\n","protected":false},"author":2013,"featured_media":89894,"comment_status":"open","ping_status":"closed","sticky":false,"template":"","format":"standard","meta":{"footnotes":""},"categories":[241,235],"tags":[],"class_list":{"0":"post-98253","1":"post","2":"type-post","3":"status-publish","4":"format-standard","5":"has-post-thumbnail","7":"category-aktualitet","8":"category-vendi"},"_links":{"self":[{"href":"https:\/\/zjarr.tv\/sq\/wp-json\/wp\/v2\/posts\/98253","targetHints":{"allow":["GET"]}}],"collection":[{"href":"https:\/\/zjarr.tv\/sq\/wp-json\/wp\/v2\/posts"}],"about":[{"href":"https:\/\/zjarr.tv\/sq\/wp-json\/wp\/v2\/types\/post"}],"author":[{"embeddable":true,"href":"https:\/\/zjarr.tv\/sq\/wp-json\/wp\/v2\/users\/2013"}],"replies":[{"embeddable":true,"href":"https:\/\/zjarr.tv\/sq\/wp-json\/wp\/v2\/comments?post=98253"}],"version-history":[{"count":0,"href":"https:\/\/zjarr.tv\/sq\/wp-json\/wp\/v2\/posts\/98253\/revisions"}],"wp:featuredmedia":[{"embeddable":true,"href":"https:\/\/zjarr.tv\/sq\/wp-json\/wp\/v2\/media\/89894"}],"wp:attachment":[{"href":"https:\/\/zjarr.tv\/sq\/wp-json\/wp\/v2\/media?parent=98253"}],"wp:term":[{"taxonomy":"category","embeddable":true,"href":"https:\/\/zjarr.tv\/sq\/wp-json\/wp\/v2\/categories?post=98253"},{"taxonomy":"post_tag","embeddable":true,"href":"https:\/\/zjarr.tv\/sq\/wp-json\/wp\/v2\/tags?post=98253"}],"curies":[{"name":"wp","href":"https:\/\/api.w.org\/{rel}","templated":true}]}}