{"id":98255,"date":"2019-07-24T13:41:21","date_gmt":"2019-07-24T11:41:21","guid":{"rendered":"https:\/\/zjarr.tv\/?p=98255"},"modified":"2019-07-24T13:41:21","modified_gmt":"2019-07-24T11:41:21","slug":"policia-heq-energjine-nga-godina-e-teatrit-dalin-forcat-speciale-aleanca-thirrje-qytetareve","status":"publish","type":"post","link":"https:\/\/zjarr.tv\/sq\/policia-heq-energjine-nga-godina-e-teatrit-dalin-forcat-speciale-aleanca-thirrje-qytetareve\/","title":{"rendered":"Policia heq energjin\u00eb nga godina e Teatrit, dalin Forcat Speciale, Aleanca thirrje qytetar\u00ebve"},"content":{"rendered":"<p>&nbsp;<\/p>\n<p>An\u00ebtar\u00ebt t\u00eb Aleanc\u00ebs p\u00ebr Mbrojtjen e Teatrit Komb\u00ebtar\u00eb kan\u00eb konfirmuar p\u00ebr Syri.net, se policia ka shk\u00ebputur energjin\u00eb e godin\u00ebs s\u00eb Teatrit Komb\u00ebtar\u00eb, e cila aktualisht \u00ebsht\u00eb n\u00eb duart e protestuesve t\u00eb shumt\u00eb.<\/p>\n<p>Nga ana tjet\u00ebr m\u00ebsohet se jan\u00eb par\u00eb forca t\u00eb shumta speciale, t\u00eb cilat jan\u00eb organizuar prapa ish-hotel Dajtit n\u00eb pritje t\u00eb nj\u00eb nd\u00ebrhyrje, nga momenti n\u00eb moment.<\/p>\n<p>Aktivist\u00eb t\u00eb l\u00ebvizjes p\u00ebr mbrojtjen e Teatrit po ju b\u00ebjn\u00eb thirrje qytetar\u00ebve t\u00eb kryeqytetit, q\u00eb t\u00eb bashkohen urgjentisht n\u00eb mbrojtje t\u00eb pron\u00ebs publike dhe kauz\u00ebs s\u00eb tyre.<\/p>\n<p>&nbsp;<\/p>\n","protected":false},"excerpt":{"rendered":"<p>&nbsp; An\u00ebtar\u00ebt t\u00eb Aleanc\u00ebs p\u00ebr Mbrojtjen e Teatrit Komb\u00ebtar\u00eb kan\u00eb konfirmuar p\u00ebr Syri.net, se policia ka shk\u00ebputur energjin\u00eb e godin\u00ebs s\u00eb Teatrit Komb\u00ebtar\u00eb, e cila aktualisht \u00ebsht\u00eb n\u00eb duart e protestuesve t\u00eb shumt\u00eb. Nga ana tjet\u00ebr m\u00ebsohet se jan\u00eb par\u00eb forca t\u00eb shumta speciale, t\u00eb cilat jan\u00eb organizuar prapa ish-hotel Dajtit n\u00eb pritje t\u00eb nj\u00eb [&hellip;]<\/p>\n","protected":false},"author":2013,"featured_media":38161,"comment_status":"open","ping_status":"closed","sticky":false,"template":"","format":"standard","meta":{"footnotes":""},"categories":[241,235],"tags":[],"class_list":{"0":"post-98255","1":"post","2":"type-post","3":"status-publish","4":"format-standard","5":"has-post-thumbnail","7":"category-aktualitet","8":"category-vendi"},"_links":{"self":[{"href":"https:\/\/zjarr.tv\/sq\/wp-json\/wp\/v2\/posts\/98255","targetHints":{"allow":["GET"]}}],"collection":[{"href":"https:\/\/zjarr.tv\/sq\/wp-json\/wp\/v2\/posts"}],"about":[{"href":"https:\/\/zjarr.tv\/sq\/wp-json\/wp\/v2\/types\/post"}],"author":[{"embeddable":true,"href":"https:\/\/zjarr.tv\/sq\/wp-json\/wp\/v2\/users\/2013"}],"replies":[{"embeddable":true,"href":"https:\/\/zjarr.tv\/sq\/wp-json\/wp\/v2\/comments?post=98255"}],"version-history":[{"count":0,"href":"https:\/\/zjarr.tv\/sq\/wp-json\/wp\/v2\/posts\/98255\/revisions"}],"wp:featuredmedia":[{"embeddable":true,"href":"https:\/\/zjarr.tv\/sq\/wp-json\/wp\/v2\/media\/38161"}],"wp:attachment":[{"href":"https:\/\/zjarr.tv\/sq\/wp-json\/wp\/v2\/media?parent=98255"}],"wp:term":[{"taxonomy":"category","embeddable":true,"href":"https:\/\/zjarr.tv\/sq\/wp-json\/wp\/v2\/categories?post=98255"},{"taxonomy":"post_tag","embeddable":true,"href":"https:\/\/zjarr.tv\/sq\/wp-json\/wp\/v2\/tags?post=98255"}],"curies":[{"name":"wp","href":"https:\/\/api.w.org\/{rel}","templated":true}]}}