{"id":98265,"date":"2019-07-24T14:04:03","date_gmt":"2019-07-24T12:04:03","guid":{"rendered":"https:\/\/zjarr.tv\/?p=98265"},"modified":"2019-07-24T14:04:03","modified_gmt":"2019-07-24T12:04:03","slug":"zeri-i-amerikes-tensione-te-forta-perpara-teatrit-kombetare-policia-terheq-zvarre-artistet","status":"publish","type":"post","link":"https:\/\/zjarr.tv\/sq\/zeri-i-amerikes-tensione-te-forta-perpara-teatrit-kombetare-policia-terheq-zvarre-artistet\/","title":{"rendered":"Z\u00ebri i Amerik\u00ebs: Tensione t\u00eb forta p\u00ebrpara Teatrit Komb\u00ebtar\u00eb, policia t\u00ebrheq zvarr\u00eb artist\u00ebt!"},"content":{"rendered":"<p>&nbsp;<\/p>\n<p>Momente t\u00eb forta tensioni u regjistruan q\u00eb prej m\u00ebngjesit t\u00eb sot\u00ebm p\u00ebrpara godin\u00ebs s\u00eb Teatrit Komb\u00ebtar n\u00eb Tiran\u00eb, ku pati p\u00ebrplasje mes forcave t\u00eb policis\u00eb dhe nj\u00eb grupi artist\u00ebsh dhe qytetar\u00ebsh q\u00eb kund\u00ebrshtojn\u00eb projektin e qeveris\u00eb p\u00ebr t\u00eb prishur godin\u00ebn ekzistuese dhe nd\u00ebrtimin aty, n\u00eb kuad\u00ebr t\u00eb nj\u00eb kompleksi t\u00eb madh pallatesh shum\u00ebkat\u00ebshe, dhe t\u00eb nj\u00eb nd\u00ebrtese t\u00eb re moderne t\u00eb Teatrit.<\/p>\n<p>Gjithshka nisi kur pran\u00eb godin\u00ebs s\u00eb Teatrit u shfaq\u00ebn forca t\u00eb policis\u00eb s\u00eb Rendit p\u00ebr t\u00eb siguruar hyrjen e disa punonj\u00ebsve t\u00eb administrat\u00ebs t\u00eb ngarkuar me procesin e invetarizimit t\u00eb materialeve. Artist\u00ebt dhe disa qytetar\u00eb t\u00eb cil\u00ebt e kishin kaluar nat\u00ebn n\u00eb oborrin e Teatrit, tentuan dhe ata t\u00eb hynin brenda \u201cp\u00ebr t\u00eb par\u00eb se \u00e7far\u00eb po b\u00ebnin aty punonj\u00ebsit e administrat\u00ebs\u201d. P\u00ebrplasjet vijuan p\u00ebr nj\u00eb koh\u00eb t\u00eb gjat\u00eb, nd\u00ebrsa numri si i artist\u00ebve dhe qytetar\u00ebve protestues\u00eb ashtu dhe i forcave t\u00eb Rendit, t\u00eb cil\u00ebve ju bashkua dhe policia Bashkiake, erdhi n\u00eb rritje. Situata pati \u00e7aste t\u00eb forta acarimi, kur policis\u00eb ju desh t\u00eb largonte me forc\u00eb artist\u00ebt q\u00eb k\u00ebrkonin t\u00eb hynin n\u00eb godin\u00eb. Aktori dhe regjisori i njohur Edmond Budina, tha se forcat e policis\u00eb e kishin \u201ct\u00ebrhequr zvarr\u00eb\u201d.<\/p>\n<p>Protest\u00ebs para Teatrit iu bashkuan dhe p\u00ebrfaq\u00ebsues t\u00eb opozit\u00ebs dhe m\u00eb pas dhe kryetari demokrat Lulzim Basha. \u201cBetej\u00ebn po e b\u00ebjn\u00eb artist\u00ebt dhe Aleanca p\u00ebr Teatrin, ne jemi n\u00eb mb\u00ebshtetje t\u00eb tyre dhe do t\u00eb jemi n\u00eb mb\u00ebshtetje me t\u00eb gjitha format dhe mjetet. \u00c7do p\u00ebrpjekje p\u00ebr t\u00eb hapur grop\u00ebn e Teatrit, do t\u00eb kthehet n\u00eb grop\u00ebn e Ram\u00ebs\u201d, deklaroi zoti Basha, sipas t\u00eb cilit projekti q\u00eb synon prihjen e godin\u00ebs aktuale dhe nd\u00ebrtimin e nj\u00eb Teatri t\u00eb ri \u201c\u00ebsht\u00eb nj\u00eb projekt grabit\u00ebs. Ky \u00ebsht\u00eb nj\u00eb projekt kriminal, me an\u00eb t\u00eb cilit Edi Rama k\u00ebrkon t\u00eb grabis\u00eb miliona euro, bashk\u00eb me klient\u00ebt e tij. Gjith\u00e7ka q\u00eb po zhvillohet k\u00ebtu ka vet\u00ebm nj\u00eb q\u00ebllim: grabitjen e k\u00ebsaj toke, zhvillimin e nj\u00eb projekti mbi 200 milion euro p\u00ebr t\u00eb pastruar parat\u00eb e drog\u00ebs me nj\u00eb arkitekt t\u00eb d\u00ebnuar n\u00eb Itali, q\u00eb \u00ebsht\u00eb arkitekti klient i Edi Ram\u00ebs. Pra, \u00ebsht\u00eb nj\u00eb skem\u00eb e past\u00ebr mafioze p\u00ebr t\u2019i rr\u00ebmbyer kryeqytetit dhe gjith\u00eb Shqip\u00ebris\u00eb Teatrin Komb\u00ebtar p\u00ebr t\u00eb pasuruar Edi Ram\u00ebn dhe nj\u00eb grusht hajdut\u00ebsh q\u00eb kan\u00eb marr\u00eb p\u00ebrsip\u00ebr prishjen e Teatrit Komb\u00ebtar dhe pastrimin e parave t\u00eb drog\u00ebs dhe parat\u00eb e Edi Ram\u00ebs\u201d.<\/p>\n<p>P\u00ebr situat\u00ebn e krijuar nd\u00ebrhyri dhe presidenti Ilir Meta. \u201cRrethimi me polic\u00eb i Teatrit Komb\u00ebtar dhe p\u00ebrplasjet fizike me komunitetin e artist\u00ebve, t\u00eb cil\u00ebt jan\u00eb aty n\u00eb mbrojtjen e nj\u00eb prej vlerave t\u00eb trash\u00ebgimis\u00eb ton\u00eb historike, kulturore e komb\u00ebtare, jan\u00eb nj\u00eb ngjarje e sh\u00ebmtuar dhe e turpshme\u201d, shkruajti Kreu I Shtetit n\u00eb nj\u00eb postim n\u00eb Facebook. \u201cI b\u00ebj thirrje Policis\u00eb s\u00eb Shtetit t\u00eb respektoj\u00eb artist\u00ebt dhe t\u00eb mos i dhunoj\u00eb ata fizikisht n\u00eb ushtrimin e s\u00eb drejt\u00ebs s\u00eb tyre p\u00ebr t\u00eb protestuar ndaj nj\u00eb vendimi abuziv e korruptiv p\u00ebr prishjen e godin\u00ebs s\u00eb Teatrit, dhe as t\u2019i l\u00ebndoj\u00eb ata shpirt\u00ebrisht, n\u00eb respekt t\u00eb dinjitetit njer\u00ebzor dhe kontributeve t\u00eb vyera q\u00eb kan\u00eb dh\u00ebn\u00eb p\u00ebr artin e kultur\u00ebn komb\u00ebtare. As sampist\u00ebt e Ramiz Alis\u00eb nuk e kan\u00eb prekur me dor\u00eb Edmond Budin\u00ebn n\u00eb dhjetor &#8217;90! Shum\u00eb turp! Shum\u00eb turp! Shum\u00eb turp!\u201d, e mbylli postimin e tij zoti Meta, i cili sot do t\u00eb depozitoj\u00eb n\u00eb Gjykat\u00ebn Kushtetuese, k\u00ebrkes\u00ebn p\u00ebr shpalljen antikushtetuese t\u00eb ligjit p\u00ebr shembjen e godin\u00ebs s\u00eb Teatrit Komb\u00ebtar\u201d.<\/p>\n<p>Nd\u00ebrsa situata erdhi duke u qet\u00ebsuar, disa artist\u00eb dhe qytetar\u00eb mund\u00ebn t\u00eb hyjn\u00eb n\u00eb godin\u00ebn e Teatrit nga nj\u00eb prej dritareve an\u00ebsore. Prej andej ata hap\u00ebn nga brenda der\u00ebn kryesore. Q\u00eb nga ky moment policia nuk b\u00ebri m\u00eb rezistenc\u00eb dhe protestuesit hyn\u00eb n\u00eb mjediset e Teatrit, duke q\u00ebndruar n\u00eb sall\u00ebn e shfaqjeve. Bashk\u00eb me ta, aty po q\u00ebndron dhe kryetari demokrat Basha dhe p\u00ebrfaq\u00ebsues t\u00eb tjer\u00eb t\u00eb opozit\u00ebs.<\/p>\n<p>Debati p\u00ebr Teatrin ka nisur q\u00eb prej fillimit t\u00eb vitit t\u00eb shkuar, kur qeveria b\u00ebri t\u00eb njohur projektin p\u00ebr shembjen e tij dh\u00eb nd\u00ebrtimin e nj\u00eb godine t\u00eb re, pas s\u00eb cil\u00ebs q\u00ebndron nj\u00eb projekt i paracaktuar p\u00ebr nj\u00eb kompleks nd\u00ebrtimesh shum\u00ebkat\u00ebshe q\u00eb do t\u00eb ngrihen nga kompania private \u201cFusha\u201d. Qeveria ka k\u00ebmb\u00ebngulur gjat\u00eb gjith\u00eb koh\u00ebs se projekti ka qen\u00eb nj\u00eb ofert\u00eb e pak\u00ebrkuar e kompanis\u00eb \u201cFusha\u201d, me pretendimin se ajo ka nj\u00eb pjes\u00eb t\u00eb pron\u00ebsis\u00eb mbi truallin, ndon\u00ebse jo m\u00eb shum\u00eb se tre p\u00ebrqind. Por faktet kan\u00eb d\u00ebshmuar se ajo ka qen\u00eb nj\u00eb ofert\u00eb e koordinuar m\u00eb par\u00eb me qeverin\u00eb e cila fillimisht paraqiti nj\u00eb ligj t\u00eb posa\u00e7\u00ebm i cili u kritikua dhe nga Komisioni europian, p\u00ebr shkak se proejkti shmangte nj\u00eb gar\u00eb t\u00eb hapur. Socialist\u00ebt b\u00ebn\u00eb m\u00eb pas ndryshime n\u00eb ligj, duke vendosur hapjen e nj\u00eb gare, por e gjitha duket t\u00eb jet\u00eb vet\u00ebm n\u00eb let\u00ebr, pasi asnj\u00eb konkurrent tjet\u00ebr nuk plot\u00ebson t\u00eb pakt\u00ebn kushtin q\u00eb t\u00eb marr\u00eb miratimin e t\u00eb gjith\u00eb pronar\u00ebve t\u00eb truallit, pasi i duhet t\u00eb marr\u00eb leje dhe nga kompania Fusha.\/VOA<\/p>\n<p>&nbsp;<\/p>\n","protected":false},"excerpt":{"rendered":"<p>&nbsp; Momente t\u00eb forta tensioni u regjistruan q\u00eb prej m\u00ebngjesit t\u00eb sot\u00ebm p\u00ebrpara godin\u00ebs s\u00eb Teatrit Komb\u00ebtar n\u00eb Tiran\u00eb, ku pati p\u00ebrplasje mes forcave t\u00eb policis\u00eb dhe nj\u00eb grupi artist\u00ebsh dhe qytetar\u00ebsh q\u00eb kund\u00ebrshtojn\u00eb projektin e qeveris\u00eb p\u00ebr t\u00eb prishur godin\u00ebn ekzistuese dhe nd\u00ebrtimin aty, n\u00eb kuad\u00ebr t\u00eb nj\u00eb kompleksi t\u00eb madh pallatesh shum\u00ebkat\u00ebshe, dhe [&hellip;]<\/p>\n","protected":false},"author":2013,"featured_media":98191,"comment_status":"open","ping_status":"closed","sticky":false,"template":"","format":"standard","meta":{"footnotes":""},"categories":[241,235],"tags":[],"class_list":{"0":"post-98265","1":"post","2":"type-post","3":"status-publish","4":"format-standard","5":"has-post-thumbnail","7":"category-aktualitet","8":"category-vendi"},"_links":{"self":[{"href":"https:\/\/zjarr.tv\/sq\/wp-json\/wp\/v2\/posts\/98265","targetHints":{"allow":["GET"]}}],"collection":[{"href":"https:\/\/zjarr.tv\/sq\/wp-json\/wp\/v2\/posts"}],"about":[{"href":"https:\/\/zjarr.tv\/sq\/wp-json\/wp\/v2\/types\/post"}],"author":[{"embeddable":true,"href":"https:\/\/zjarr.tv\/sq\/wp-json\/wp\/v2\/users\/2013"}],"replies":[{"embeddable":true,"href":"https:\/\/zjarr.tv\/sq\/wp-json\/wp\/v2\/comments?post=98265"}],"version-history":[{"count":0,"href":"https:\/\/zjarr.tv\/sq\/wp-json\/wp\/v2\/posts\/98265\/revisions"}],"wp:featuredmedia":[{"embeddable":true,"href":"https:\/\/zjarr.tv\/sq\/wp-json\/wp\/v2\/media\/98191"}],"wp:attachment":[{"href":"https:\/\/zjarr.tv\/sq\/wp-json\/wp\/v2\/media?parent=98265"}],"wp:term":[{"taxonomy":"category","embeddable":true,"href":"https:\/\/zjarr.tv\/sq\/wp-json\/wp\/v2\/categories?post=98265"},{"taxonomy":"post_tag","embeddable":true,"href":"https:\/\/zjarr.tv\/sq\/wp-json\/wp\/v2\/tags?post=98265"}],"curies":[{"name":"wp","href":"https:\/\/api.w.org\/{rel}","templated":true}]}}