{"id":98269,"date":"2019-07-24T16:27:56","date_gmt":"2019-07-24T14:27:56","guid":{"rendered":"https:\/\/zjarr.tv\/?p=98269"},"modified":"2019-07-24T16:27:56","modified_gmt":"2019-07-24T14:27:56","slug":"dy-makina-perplasen-ne-aksin-elbasan-peqin-dy-te-plagosur","status":"publish","type":"post","link":"https:\/\/zjarr.tv\/sq\/dy-makina-perplasen-ne-aksin-elbasan-peqin-dy-te-plagosur\/","title":{"rendered":"Dy makina p\u00ebrplasen n\u00eb aksin Elbasan-Peqin\/ Dy t\u00eb plagosur"},"content":{"rendered":"<p>&nbsp;<\/p>\n<p>Nj\u00eb aksident automobilistik \u00ebsht\u00eb sh\u00ebnuar sot n\u00eb or\u00ebt e pasdites n\u00eb aksin rrugor Peqin \u2013 Elbasan.<\/p>\n<p>Sipas asaj q\u00eb raporton gazetari i News 24 Fatmir Popja, rreth or\u00ebs 15.30 minuta, dy makina jan\u00eb p\u00ebrplasur me nj\u00ebra-tjetr\u00ebn teksa udh\u00ebtonin.<\/p>\n<p>N\u00eb aksident jan\u00eb p\u00ebrfshir\u00eb nj\u00eb makin\u00eb tip \u201cVolkswagen\u201d dhe nj\u00eb tjet\u00ebr tip \u201cSeat\u201d me targa AA 738RC.<\/p>\n<p>Si\u00a0 pasoj\u00eb e aksidentit, automjetet kan\u00eb p\u00ebsuar d\u00ebmtime t\u00eb konsiderueshme dhe sipas burimeve nga vendngjarja dy persona kan\u00eb marr\u00eb l\u00ebndime t\u00eb lehta.<\/p>\n<p>&nbsp;<\/p>\n","protected":false},"excerpt":{"rendered":"<p>&nbsp; Nj\u00eb aksident automobilistik \u00ebsht\u00eb sh\u00ebnuar sot n\u00eb or\u00ebt e pasdites n\u00eb aksin rrugor Peqin \u2013 Elbasan. Sipas asaj q\u00eb raporton gazetari i News 24 Fatmir Popja, rreth or\u00ebs 15.30 minuta, dy makina jan\u00eb p\u00ebrplasur me nj\u00ebra-tjetr\u00ebn teksa udh\u00ebtonin. N\u00eb aksident jan\u00eb p\u00ebrfshir\u00eb nj\u00eb makin\u00eb tip \u201cVolkswagen\u201d dhe nj\u00eb tjet\u00ebr tip \u201cSeat\u201d me targa AA [&hellip;]<\/p>\n","protected":false},"author":2013,"featured_media":66936,"comment_status":"open","ping_status":"closed","sticky":false,"template":"","format":"standard","meta":{"footnotes":""},"categories":[241,235],"tags":[],"class_list":{"0":"post-98269","1":"post","2":"type-post","3":"status-publish","4":"format-standard","5":"has-post-thumbnail","7":"category-aktualitet","8":"category-vendi"},"_links":{"self":[{"href":"https:\/\/zjarr.tv\/sq\/wp-json\/wp\/v2\/posts\/98269","targetHints":{"allow":["GET"]}}],"collection":[{"href":"https:\/\/zjarr.tv\/sq\/wp-json\/wp\/v2\/posts"}],"about":[{"href":"https:\/\/zjarr.tv\/sq\/wp-json\/wp\/v2\/types\/post"}],"author":[{"embeddable":true,"href":"https:\/\/zjarr.tv\/sq\/wp-json\/wp\/v2\/users\/2013"}],"replies":[{"embeddable":true,"href":"https:\/\/zjarr.tv\/sq\/wp-json\/wp\/v2\/comments?post=98269"}],"version-history":[{"count":0,"href":"https:\/\/zjarr.tv\/sq\/wp-json\/wp\/v2\/posts\/98269\/revisions"}],"wp:featuredmedia":[{"embeddable":true,"href":"https:\/\/zjarr.tv\/sq\/wp-json\/wp\/v2\/media\/66936"}],"wp:attachment":[{"href":"https:\/\/zjarr.tv\/sq\/wp-json\/wp\/v2\/media?parent=98269"}],"wp:term":[{"taxonomy":"category","embeddable":true,"href":"https:\/\/zjarr.tv\/sq\/wp-json\/wp\/v2\/categories?post=98269"},{"taxonomy":"post_tag","embeddable":true,"href":"https:\/\/zjarr.tv\/sq\/wp-json\/wp\/v2\/tags?post=98269"}],"curies":[{"name":"wp","href":"https:\/\/api.w.org\/{rel}","templated":true}]}}