{"id":98280,"date":"2019-07-24T16:44:09","date_gmt":"2019-07-24T14:44:09","guid":{"rendered":"https:\/\/zjarr.tv\/?p=98280"},"modified":"2019-07-24T16:44:09","modified_gmt":"2019-07-24T14:44:09","slug":"nje-dite-pas-asamblese-kombetare-te-ps-rama-mbledh-ministrat","status":"publish","type":"post","link":"https:\/\/zjarr.tv\/sq\/nje-dite-pas-asamblese-kombetare-te-ps-rama-mbledh-ministrat\/","title":{"rendered":"Nj\u00eb dit\u00eb pas Asambles\u00eb Komb\u00ebtare t\u00eb PS, Rama mbledh ministrat"},"content":{"rendered":"<p>Nj\u00eb dit\u00eb pas Asambles\u00eb Komb\u00ebtare t\u00eb Partis\u00eb Socialiste, ashtu si n\u00eb cdo fund sezoni kryeministri Edi Rama mblodhi sot n\u00eb nj\u00eb takim edhe ministrat e kabinetit.<\/p>\n<p>Rama mblodhi sot n\u00eb ambjentet e Pallatit t\u00eb Brigadave, ministra e zv\/ministra t\u00eb kabinetit qeveritar, takim t\u00eb cilin Rama duket e ka kthyer n\u00eb tradit\u00eb n\u00eb prag t\u00eb pushimeve verore. T\u00eb pranish\u00ebm n\u00eb k\u00ebt\u00eb takim ishin gjithashtu edhe kreu i Grupit Parlamentar, Taulant Balla si edhe kryeparlamentari Gramoz Ru\u00e7i.<\/p>\n<p>N\u00eb Asamblen\u00eb Komb\u00ebtare t\u00eb PS-s\u00eb, Rama kaloi n\u00eb skan\u00ebr procesin zgjedhor t\u00eb 30 qershorit, q\u00eb sipas tij arriti kulmin e p\u00ebrplasjeve politike n\u00eb vend. Edhe pse zgjedhjet kaluan paq\u00ebsisht, Rama tha se plaga mbetet ende e hapur.<\/p>\n<p>Nj\u00eb urdh\u00ebr Rama ua drejtoi deputet\u00ebve. T\u00eb gjith\u00eb t\u00eb zbresin n\u00eb baz\u00eb e t\u00eb komunikojn\u00eb me njer\u00ebzit. N\u00eb t\u00eb kund\u00ebrt\u00ebn tha se nuk do jen\u00eb pjes\u00eb e planeve t\u00eb PS p\u00ebr 2021, duke shprehur k\u00ebshtu vendosm\u00ebrin\u00eb p\u00ebr t\u00eb \u00e7uar deri n\u00eb fund mandatin e tij qeveris\u00ebs.<\/p>\n<p>&nbsp;<\/p>\n","protected":false},"excerpt":{"rendered":"<p>Nj\u00eb dit\u00eb pas Asambles\u00eb Komb\u00ebtare t\u00eb Partis\u00eb Socialiste, ashtu si n\u00eb cdo fund sezoni kryeministri Edi Rama mblodhi sot n\u00eb nj\u00eb takim edhe ministrat e kabinetit. Rama mblodhi sot n\u00eb ambjentet e Pallatit t\u00eb Brigadave, ministra e zv\/ministra t\u00eb kabinetit qeveritar, takim t\u00eb cilin Rama duket e ka kthyer n\u00eb tradit\u00eb n\u00eb prag t\u00eb pushimeve [&hellip;]<\/p>\n","protected":false},"author":2013,"featured_media":98281,"comment_status":"open","ping_status":"closed","sticky":false,"template":"","format":"standard","meta":{"footnotes":""},"categories":[241,235],"tags":[],"class_list":{"0":"post-98280","1":"post","2":"type-post","3":"status-publish","4":"format-standard","5":"has-post-thumbnail","7":"category-aktualitet","8":"category-vendi"},"_links":{"self":[{"href":"https:\/\/zjarr.tv\/sq\/wp-json\/wp\/v2\/posts\/98280","targetHints":{"allow":["GET"]}}],"collection":[{"href":"https:\/\/zjarr.tv\/sq\/wp-json\/wp\/v2\/posts"}],"about":[{"href":"https:\/\/zjarr.tv\/sq\/wp-json\/wp\/v2\/types\/post"}],"author":[{"embeddable":true,"href":"https:\/\/zjarr.tv\/sq\/wp-json\/wp\/v2\/users\/2013"}],"replies":[{"embeddable":true,"href":"https:\/\/zjarr.tv\/sq\/wp-json\/wp\/v2\/comments?post=98280"}],"version-history":[{"count":0,"href":"https:\/\/zjarr.tv\/sq\/wp-json\/wp\/v2\/posts\/98280\/revisions"}],"wp:featuredmedia":[{"embeddable":true,"href":"https:\/\/zjarr.tv\/sq\/wp-json\/wp\/v2\/media\/98281"}],"wp:attachment":[{"href":"https:\/\/zjarr.tv\/sq\/wp-json\/wp\/v2\/media?parent=98280"}],"wp:term":[{"taxonomy":"category","embeddable":true,"href":"https:\/\/zjarr.tv\/sq\/wp-json\/wp\/v2\/categories?post=98280"},{"taxonomy":"post_tag","embeddable":true,"href":"https:\/\/zjarr.tv\/sq\/wp-json\/wp\/v2\/tags?post=98280"}],"curies":[{"name":"wp","href":"https:\/\/api.w.org\/{rel}","templated":true}]}}