{"id":98285,"date":"2019-07-24T16:46:39","date_gmt":"2019-07-24T14:46:39","guid":{"rendered":"https:\/\/zjarr.tv\/?p=98285"},"modified":"2019-07-24T16:46:39","modified_gmt":"2019-07-24T14:46:39","slug":"gjykata-e-vlores-konfirmon-mandatin-e-dritan-lelit","status":"publish","type":"post","link":"https:\/\/zjarr.tv\/sq\/gjykata-e-vlores-konfirmon-mandatin-e-dritan-lelit\/","title":{"rendered":"Gjykata e Vlor\u00ebs konfirmon mandatin e Dritan Lelit"},"content":{"rendered":"<p>&nbsp;<\/p>\n<p>&nbsp;<\/p>\n<p>Gjykata e Vlor\u00ebs ka konfirmuar mandatin e kryebashkiakut Dritan Leli.<\/p>\n<p>Leli u shpall fitues n\u00eb zgjedhjet e 30 qershorit p\u00ebrball\u00eb kandidates s\u00eb Bindjes Demokratike, Valbona Mezini.<\/p>\n<p>Ai siguroi 94.21% t\u00eb votave, nd\u00ebrsa Mezini vet\u00ebm 5.9%.<\/p>\n<p>&nbsp;<\/p>\n","protected":false},"excerpt":{"rendered":"<p>&nbsp; &nbsp; Gjykata e Vlor\u00ebs ka konfirmuar mandatin e kryebashkiakut Dritan Leli. Leli u shpall fitues n\u00eb zgjedhjet e 30 qershorit p\u00ebrball\u00eb kandidates s\u00eb Bindjes Demokratike, Valbona Mezini. Ai siguroi 94.21% t\u00eb votave, nd\u00ebrsa Mezini vet\u00ebm 5.9%. &nbsp;<\/p>\n","protected":false},"author":2013,"featured_media":98286,"comment_status":"open","ping_status":"closed","sticky":false,"template":"","format":"standard","meta":{"footnotes":""},"categories":[241,235],"tags":[],"class_list":{"0":"post-98285","1":"post","2":"type-post","3":"status-publish","4":"format-standard","5":"has-post-thumbnail","7":"category-aktualitet","8":"category-vendi"},"_links":{"self":[{"href":"https:\/\/zjarr.tv\/sq\/wp-json\/wp\/v2\/posts\/98285","targetHints":{"allow":["GET"]}}],"collection":[{"href":"https:\/\/zjarr.tv\/sq\/wp-json\/wp\/v2\/posts"}],"about":[{"href":"https:\/\/zjarr.tv\/sq\/wp-json\/wp\/v2\/types\/post"}],"author":[{"embeddable":true,"href":"https:\/\/zjarr.tv\/sq\/wp-json\/wp\/v2\/users\/2013"}],"replies":[{"embeddable":true,"href":"https:\/\/zjarr.tv\/sq\/wp-json\/wp\/v2\/comments?post=98285"}],"version-history":[{"count":0,"href":"https:\/\/zjarr.tv\/sq\/wp-json\/wp\/v2\/posts\/98285\/revisions"}],"wp:featuredmedia":[{"embeddable":true,"href":"https:\/\/zjarr.tv\/sq\/wp-json\/wp\/v2\/media\/98286"}],"wp:attachment":[{"href":"https:\/\/zjarr.tv\/sq\/wp-json\/wp\/v2\/media?parent=98285"}],"wp:term":[{"taxonomy":"category","embeddable":true,"href":"https:\/\/zjarr.tv\/sq\/wp-json\/wp\/v2\/categories?post=98285"},{"taxonomy":"post_tag","embeddable":true,"href":"https:\/\/zjarr.tv\/sq\/wp-json\/wp\/v2\/tags?post=98285"}],"curies":[{"name":"wp","href":"https:\/\/api.w.org\/{rel}","templated":true}]}}