{"id":98298,"date":"2019-07-24T17:59:45","date_gmt":"2019-07-24T15:59:45","guid":{"rendered":"https:\/\/zjarr.tv\/?p=98298"},"modified":"2019-07-24T17:59:45","modified_gmt":"2019-07-24T15:59:45","slug":"aksident-i-rende-ne-fushe-milot-plagosen-3-persona","status":"publish","type":"post","link":"https:\/\/zjarr.tv\/sq\/aksident-i-rende-ne-fushe-milot-plagosen-3-persona\/","title":{"rendered":"Aksident i r\u00ebnd\u00eb n\u00eb Fush\u00eb-Milot, plagosen 3 persona"},"content":{"rendered":"<p>&nbsp;<\/p>\n<p>Nj\u00eb tjet\u00ebr aksident i r\u00ebnd\u00eb ka ndodhur n\u00eb or\u00ebt e pasdites tashm\u00eb n\u00eb aksin Milot-Fush\u00eb-Kruj\u00eb.<\/p>\n<p>Ngjarja ka ndodhur n\u00eb rrethrrotullimin e Fush\u00eb-Milotit,<\/p>\n<p>Si pasoj\u00eb e aksidentit kan\u00eb mbetur t\u00eb plagosur tre persona.<\/p>\n<p>Nj\u00eb nga t\u00eb aksidentuarit ndodhet n\u00eb gjendje kritike p\u00ebr jet\u00ebn dhe \u00ebsht\u00eb transportuar n\u00eb Spitalin e Traum\u00ebs n\u00eb Tiran\u00eb.<\/p>\n<p>Nuk ka ende informacione p\u00ebr t\u00eb shkaqet e aksidentit.<\/p>\n<p>&nbsp;<\/p>\n","protected":false},"excerpt":{"rendered":"<p>&nbsp; Nj\u00eb tjet\u00ebr aksident i r\u00ebnd\u00eb ka ndodhur n\u00eb or\u00ebt e pasdites tashm\u00eb n\u00eb aksin Milot-Fush\u00eb-Kruj\u00eb. Ngjarja ka ndodhur n\u00eb rrethrrotullimin e Fush\u00eb-Milotit, Si pasoj\u00eb e aksidentit kan\u00eb mbetur t\u00eb plagosur tre persona. Nj\u00eb nga t\u00eb aksidentuarit ndodhet n\u00eb gjendje kritike p\u00ebr jet\u00ebn dhe \u00ebsht\u00eb transportuar n\u00eb Spitalin e Traum\u00ebs n\u00eb Tiran\u00eb. Nuk ka ende [&hellip;]<\/p>\n","protected":false},"author":2013,"featured_media":38161,"comment_status":"open","ping_status":"closed","sticky":false,"template":"","format":"standard","meta":{"footnotes":""},"categories":[241,235],"tags":[],"class_list":{"0":"post-98298","1":"post","2":"type-post","3":"status-publish","4":"format-standard","5":"has-post-thumbnail","7":"category-aktualitet","8":"category-vendi"},"_links":{"self":[{"href":"https:\/\/zjarr.tv\/sq\/wp-json\/wp\/v2\/posts\/98298","targetHints":{"allow":["GET"]}}],"collection":[{"href":"https:\/\/zjarr.tv\/sq\/wp-json\/wp\/v2\/posts"}],"about":[{"href":"https:\/\/zjarr.tv\/sq\/wp-json\/wp\/v2\/types\/post"}],"author":[{"embeddable":true,"href":"https:\/\/zjarr.tv\/sq\/wp-json\/wp\/v2\/users\/2013"}],"replies":[{"embeddable":true,"href":"https:\/\/zjarr.tv\/sq\/wp-json\/wp\/v2\/comments?post=98298"}],"version-history":[{"count":0,"href":"https:\/\/zjarr.tv\/sq\/wp-json\/wp\/v2\/posts\/98298\/revisions"}],"wp:featuredmedia":[{"embeddable":true,"href":"https:\/\/zjarr.tv\/sq\/wp-json\/wp\/v2\/media\/38161"}],"wp:attachment":[{"href":"https:\/\/zjarr.tv\/sq\/wp-json\/wp\/v2\/media?parent=98298"}],"wp:term":[{"taxonomy":"category","embeddable":true,"href":"https:\/\/zjarr.tv\/sq\/wp-json\/wp\/v2\/categories?post=98298"},{"taxonomy":"post_tag","embeddable":true,"href":"https:\/\/zjarr.tv\/sq\/wp-json\/wp\/v2\/tags?post=98298"}],"curies":[{"name":"wp","href":"https:\/\/api.w.org\/{rel}","templated":true}]}}