{"id":98352,"date":"2019-07-24T18:00:37","date_gmt":"2019-07-24T16:00:37","guid":{"rendered":"https:\/\/zjarr.tv\/?p=98352"},"modified":"2019-07-24T18:00:37","modified_gmt":"2019-07-24T16:00:37","slug":"ironia-e-bushatit-leila-mund-te-thote-se-teatri-duhet-shembur-palmer-se-nuk-merret-me-krizen","status":"publish","type":"post","link":"https:\/\/zjarr.tv\/sq\/ironia-e-bushatit-leila-mund-te-thote-se-teatri-duhet-shembur-palmer-se-nuk-merret-me-krizen\/","title":{"rendered":"Ironia e Bushatit: Leila mund t\u00eb thot\u00eb se Teatri duhet shembur, Palmer se nuk merret me kriz\u00ebn&#8230;"},"content":{"rendered":"<p>&nbsp;<\/p>\n<p>Andi Bushati ironizon nd\u00ebrkomb\u00ebtar\u00ebt: Mund t\u00eb dal\u00eb Leila t\u00eb thot\u00eb se Teatri duhet shembur, pastaj Palmer t\u00eb thot\u00eb se nuk merret me kriz\u00ebn\u2026<\/p>\n<p>Duke ironizuar nd\u00ebrkomb\u00ebtar\u00ebt p\u00ebr heshtjen q\u00eb po mbajn\u00eb ndaj zhvillimeve t\u00eb fundit n\u00eb Teatrin Komb\u00ebtar, analisti Andi Bushati, n\u00eb nj\u00eb status n\u00eb profilin e tij n\u00eb facebook shkruan se p\u00ebrfaq\u00ebsuesja e SHBA, nuk ka patur asnj\u00eb prononcim p\u00ebr k\u00ebt\u00eb \u00e7\u00ebshtje, apo p\u00ebr \u00e7\u00ebshtje t\u00eb ngjashme t\u00eb aferave korruptive t\u00eb qeveris\u00eb, duke konfirmuar tradit\u00ebn se asgj\u00eb e cila d\u00ebmton qeverin\u00eb, nuk mund t\u00eb jet\u00eb n\u00eb fokusin e nd\u00ebrkomb\u00ebtar\u00ebve.<\/p>\n<p>Bushati thot\u00eb me ironi, se mund t\u00eb dal\u00eb Leila, duke iu referuar Leyla Moses Ones, p\u00ebr t\u00eb deklaruar se Teatri duhet shembur.<\/p>\n<p>Deklarat\u00ebn e saj mund ta pasoj\u00eb Palmer, i cili thot\u00eb se SHBA nuk merret me kriz\u00ebn n\u00eb Shqip\u00ebri.<\/p>\n<p>Pra, amerikan\u00ebt, pasi t\u00eb thon\u00eb se \u00e7far\u00eb duhet t\u00eb b\u00ebsh, n\u00eb fund deklarojn\u00eb se nuk merren me kriz\u00ebn n\u00eb Shqip\u00ebri.<\/p>\n<p>&nbsp;<\/p>\n","protected":false},"excerpt":{"rendered":"<p>&nbsp; Andi Bushati ironizon nd\u00ebrkomb\u00ebtar\u00ebt: Mund t\u00eb dal\u00eb Leila t\u00eb thot\u00eb se Teatri duhet shembur, pastaj Palmer t\u00eb thot\u00eb se nuk merret me kriz\u00ebn\u2026 Duke ironizuar nd\u00ebrkomb\u00ebtar\u00ebt p\u00ebr heshtjen q\u00eb po mbajn\u00eb ndaj zhvillimeve t\u00eb fundit n\u00eb Teatrin Komb\u00ebtar, analisti Andi Bushati, n\u00eb nj\u00eb status n\u00eb profilin e tij n\u00eb facebook shkruan se p\u00ebrfaq\u00ebsuesja e [&hellip;]<\/p>\n","protected":false},"author":2013,"featured_media":70023,"comment_status":"open","ping_status":"closed","sticky":false,"template":"","format":"standard","meta":{"footnotes":""},"categories":[241,235],"tags":[],"class_list":{"0":"post-98352","1":"post","2":"type-post","3":"status-publish","4":"format-standard","5":"has-post-thumbnail","7":"category-aktualitet","8":"category-vendi"},"_links":{"self":[{"href":"https:\/\/zjarr.tv\/sq\/wp-json\/wp\/v2\/posts\/98352","targetHints":{"allow":["GET"]}}],"collection":[{"href":"https:\/\/zjarr.tv\/sq\/wp-json\/wp\/v2\/posts"}],"about":[{"href":"https:\/\/zjarr.tv\/sq\/wp-json\/wp\/v2\/types\/post"}],"author":[{"embeddable":true,"href":"https:\/\/zjarr.tv\/sq\/wp-json\/wp\/v2\/users\/2013"}],"replies":[{"embeddable":true,"href":"https:\/\/zjarr.tv\/sq\/wp-json\/wp\/v2\/comments?post=98352"}],"version-history":[{"count":0,"href":"https:\/\/zjarr.tv\/sq\/wp-json\/wp\/v2\/posts\/98352\/revisions"}],"wp:featuredmedia":[{"embeddable":true,"href":"https:\/\/zjarr.tv\/sq\/wp-json\/wp\/v2\/media\/70023"}],"wp:attachment":[{"href":"https:\/\/zjarr.tv\/sq\/wp-json\/wp\/v2\/media?parent=98352"}],"wp:term":[{"taxonomy":"category","embeddable":true,"href":"https:\/\/zjarr.tv\/sq\/wp-json\/wp\/v2\/categories?post=98352"},{"taxonomy":"post_tag","embeddable":true,"href":"https:\/\/zjarr.tv\/sq\/wp-json\/wp\/v2\/tags?post=98352"}],"curies":[{"name":"wp","href":"https:\/\/api.w.org\/{rel}","templated":true}]}}