{"id":98436,"date":"2019-07-25T12:38:35","date_gmt":"2019-07-25T10:38:35","guid":{"rendered":"https:\/\/zjarr.tv\/?p=98436"},"modified":"2019-07-25T12:38:35","modified_gmt":"2019-07-25T10:38:35","slug":"policia-sulmon-banoret-e-unazes-tek-gjykata-banori-me-terhoqen-zvarre-ja-si-me-shqyen-nuk-trembemi","status":"publish","type":"post","link":"https:\/\/zjarr.tv\/sq\/policia-sulmon-banoret-e-unazes-tek-gjykata-banori-me-terhoqen-zvarre-ja-si-me-shqyen-nuk-trembemi\/","title":{"rendered":"Policia sulmon banor\u00ebt e unaz\u00ebs tek gjykata, banori: M\u00eb t\u00ebrhoq\u00ebn zvarr\u00eb, ja si m\u00eb shqyen, nuk trembemi"},"content":{"rendered":"<p>&nbsp;<\/p>\n<p>Jan\u00eb arrestuar pran\u00eb Gjykat\u00ebs Penale n\u00eb Tiran\u00eb 2 banor\u00eb t\u00eb zon\u00ebs s\u00eb Astirit t\u00eb cil\u00ebt ndodheshin aty p\u00ebr t\u00eb k\u00ebrkuar lirimin e dy an\u00ebtar\u00ebve t\u00eb familjes Ferati t\u00eb arrestuar 3 dit\u00eb m\u00eb par\u00eb n\u00eb mes t\u00eb nat\u00ebs n\u00eb banes\u00ebn e tyre.<\/p>\n<p>Nj\u00ebri p\u00ebr banor\u00ebt u shpreh p\u00ebr mediat se arrestimi I tyre \u00ebsht\u00eb b\u00ebr\u00eb nga persona t\u00eb veshur si civil dhe pa asnj\u00eb document q\u00eb t\u00eb justifikojn\u00eb ndalimin e 2 banor\u00ebve, nd\u00ebrkoh\u00eb q\u00eb shton se edhe ai personalisht \u00ebsht\u00eb t\u00ebrhequr zvarr\u00eb nga efektiv\u00ebt duke ndryshur edhe krahun si dhe grisur rrobat q\u00eb mbante veshur.<\/p>\n<p>\u201cM\u00eb t\u00ebrhoq\u00ebn zvarr\u00eb shikoni si mi kan\u00eb grisur rrobat, si m\u00eb kan\u00eb shqyer, edhe krahun ma kan\u00eb thyer fare, ja shikoni g\u00ebrvishtjet. \u00a0Ne kemi t\u00eb gjitha dokumentat, na dhunojn\u00eb n\u00eb mes t\u00eb dit\u00ebs, hajde shkojm\u00eb tek Drejtoria e Policis\u00eb, t\u00eb na arrestojn\u00eb t\u00eb gjith\u00ebve,. Dilni shikoni pas or\u00ebs 21:00 t\u00eb dark\u00ebs se si l\u00ebvizin t\u00eb veshur civil dhe tmerrojn\u00eb f\u00ebmij\u00ebt, nuk fklejn\u00eb gjum\u00eb nga frika. Ne ishim n\u00eb mb\u00ebshtetje t\u00eb familjes Ferati q\u00eb jan\u00eb masakruar. Erdh\u00ebn 30 civila mes 100 banor\u00ebve, \u00e7far\u00eb do t\u00eb b\u00ebjm\u00eb, kot e kan\u00eb me ne, ju lutem juve t\u00eb medias transmetoni gjith\u00e7ka, hajdeni filmoni pas or\u00ebs n\u00ebnt\u00eb t\u00eb shikoni \u00e7far\u00eb tmerri p\u00ebrjetojm\u00eb. K\u00ebt\u00eb arrijn\u00eb ta b\u00ebjn\u00eb k\u00ebtu tek Prokuroria\u201d, tha nj\u00ebri nga banor\u00ebt.<\/p>\n<p>Banor\u00ebt kan\u00eb qen\u00eb t\u00eb pranish\u00ebm n\u00eb ambientet e Prokuroris\u00eb s\u00eb Krimeve t\u00eb R\u00ebnda p\u00ebr t\u00eb ndjekur procesin ndaj dy an\u00ebtar\u00ebve t\u00eb familjes Ferati t\u00eb cil\u00ebt jan\u00eb arrestuar disa dit\u00eb m\u00eb par\u00eb n\u00eb banes\u00ebn e tyre n\u00eb Astir.<\/p>\n<p>&nbsp;<\/p>\n","protected":false},"excerpt":{"rendered":"<p>&nbsp; Jan\u00eb arrestuar pran\u00eb Gjykat\u00ebs Penale n\u00eb Tiran\u00eb 2 banor\u00eb t\u00eb zon\u00ebs s\u00eb Astirit t\u00eb cil\u00ebt ndodheshin aty p\u00ebr t\u00eb k\u00ebrkuar lirimin e dy an\u00ebtar\u00ebve t\u00eb familjes Ferati t\u00eb arrestuar 3 dit\u00eb m\u00eb par\u00eb n\u00eb mes t\u00eb nat\u00ebs n\u00eb banes\u00ebn e tyre. Nj\u00ebri p\u00ebr banor\u00ebt u shpreh p\u00ebr mediat se arrestimi I tyre \u00ebsht\u00eb b\u00ebr\u00eb [&hellip;]<\/p>\n","protected":false},"author":2013,"featured_media":98437,"comment_status":"open","ping_status":"closed","sticky":false,"template":"","format":"standard","meta":{"footnotes":""},"categories":[241,235],"tags":[],"class_list":{"0":"post-98436","1":"post","2":"type-post","3":"status-publish","4":"format-standard","5":"has-post-thumbnail","7":"category-aktualitet","8":"category-vendi"},"_links":{"self":[{"href":"https:\/\/zjarr.tv\/sq\/wp-json\/wp\/v2\/posts\/98436","targetHints":{"allow":["GET"]}}],"collection":[{"href":"https:\/\/zjarr.tv\/sq\/wp-json\/wp\/v2\/posts"}],"about":[{"href":"https:\/\/zjarr.tv\/sq\/wp-json\/wp\/v2\/types\/post"}],"author":[{"embeddable":true,"href":"https:\/\/zjarr.tv\/sq\/wp-json\/wp\/v2\/users\/2013"}],"replies":[{"embeddable":true,"href":"https:\/\/zjarr.tv\/sq\/wp-json\/wp\/v2\/comments?post=98436"}],"version-history":[{"count":0,"href":"https:\/\/zjarr.tv\/sq\/wp-json\/wp\/v2\/posts\/98436\/revisions"}],"wp:featuredmedia":[{"embeddable":true,"href":"https:\/\/zjarr.tv\/sq\/wp-json\/wp\/v2\/media\/98437"}],"wp:attachment":[{"href":"https:\/\/zjarr.tv\/sq\/wp-json\/wp\/v2\/media?parent=98436"}],"wp:term":[{"taxonomy":"category","embeddable":true,"href":"https:\/\/zjarr.tv\/sq\/wp-json\/wp\/v2\/categories?post=98436"},{"taxonomy":"post_tag","embeddable":true,"href":"https:\/\/zjarr.tv\/sq\/wp-json\/wp\/v2\/tags?post=98436"}],"curies":[{"name":"wp","href":"https:\/\/api.w.org\/{rel}","templated":true}]}}