{"id":98445,"date":"2019-07-25T12:41:55","date_gmt":"2019-07-25T10:41:55","guid":{"rendered":"https:\/\/zjarr.tv\/?p=98445"},"modified":"2019-07-25T12:41:55","modified_gmt":"2019-07-25T10:41:55","slug":"basha-tek-teatri-per-marreveshjen-me-artistet","status":"publish","type":"post","link":"https:\/\/zjarr.tv\/sq\/basha-tek-teatri-per-marreveshjen-me-artistet\/","title":{"rendered":"Basha tek teatri p\u00ebr marr\u00ebveshjen m\u00eb artist\u00ebt"},"content":{"rendered":"<p>&nbsp;<\/p>\n<p>Ashtu si\u00e7 ishte parlajm\u00ebruar kreu demokrat Lulzim Basha ka shkuar n\u00eb godin\u00ebn e teatrit p\u00ebr t\u00eb firmosur marr\u00ebveshjen me artist\u00ebt q\u00eb protstojn\u00eb n\u00eb mbrojtje t\u00eb godin\u00ebs s\u00eb teatrit.<\/p>\n<p>Sapo ka nisur mbledhja mes Aleanc\u00ebs p\u00ebr Mbrojtjen e Teatrit dhe kreut t\u00eb opozit\u00ebs Lulzim Bashan \u00eb t\u00eb cil\u00ebn pritet t\u00eb n\u00ebnshkruhet marr\u00ebveshja e bashk\u00ebpunimit p\u00ebr mbojtjen e Teatrit nga shembja e tij.<\/p>\n<p>N\u00eb k\u00ebt\u00eb marr\u00ebveshje parashikohet miratimi i posac\u00ebm p\u00ebr realizimin e nj\u00eb procedure t\u00eb re p\u00ebr rikonstruksionin e Teatrit.<\/p>\n<p>Vendosm\u00ebrin\u00eb p\u00ebr t\u00eb kontribuar n\u00eb nd\u00ebrtimin en j\u00eb shteti t\u00eb s\u00eb drejt\u00ebs.<\/p>\n<p>Fillimi I betej\u00ebs p\u00ebr mbrojtjen e kompleksit kulturor t\u00eb Teatrit Komb\u00ebtar dhe atij Eksperimentl.<\/p>\n<p>PD angazhohet p\u00ebr p\u00ebrkrahjen e artiost\u00ebve dhe mbrojtjen e shembjes s\u00eb paligjshme t\u00eb Teatrit dhe duke asistuar politikisht dhe ligj\u00ebrisht me \u00e7do \u00e7mim<\/p>\n<p>Do t\u00eb shqfuqizoj\u00eb sapo t\u00eb vij\u00eb n\u00eb pushtet Ligjin 37 viti 2018 p\u00ebr uzurpimin e hap\u00ebsir\u00ebs publike t\u00eb Teatrit<\/p>\n<p>&nbsp;<\/p>\n","protected":false},"excerpt":{"rendered":"<p>&nbsp; Ashtu si\u00e7 ishte parlajm\u00ebruar kreu demokrat Lulzim Basha ka shkuar n\u00eb godin\u00ebn e teatrit p\u00ebr t\u00eb firmosur marr\u00ebveshjen me artist\u00ebt q\u00eb protstojn\u00eb n\u00eb mbrojtje t\u00eb godin\u00ebs s\u00eb teatrit. Sapo ka nisur mbledhja mes Aleanc\u00ebs p\u00ebr Mbrojtjen e Teatrit dhe kreut t\u00eb opozit\u00ebs Lulzim Bashan \u00eb t\u00eb cil\u00ebn pritet t\u00eb n\u00ebnshkruhet marr\u00ebveshja e bashk\u00ebpunimit p\u00ebr [&hellip;]<\/p>\n","protected":false},"author":2013,"featured_media":98446,"comment_status":"open","ping_status":"closed","sticky":false,"template":"","format":"standard","meta":{"footnotes":""},"categories":[241,235],"tags":[],"class_list":{"0":"post-98445","1":"post","2":"type-post","3":"status-publish","4":"format-standard","5":"has-post-thumbnail","7":"category-aktualitet","8":"category-vendi"},"_links":{"self":[{"href":"https:\/\/zjarr.tv\/sq\/wp-json\/wp\/v2\/posts\/98445","targetHints":{"allow":["GET"]}}],"collection":[{"href":"https:\/\/zjarr.tv\/sq\/wp-json\/wp\/v2\/posts"}],"about":[{"href":"https:\/\/zjarr.tv\/sq\/wp-json\/wp\/v2\/types\/post"}],"author":[{"embeddable":true,"href":"https:\/\/zjarr.tv\/sq\/wp-json\/wp\/v2\/users\/2013"}],"replies":[{"embeddable":true,"href":"https:\/\/zjarr.tv\/sq\/wp-json\/wp\/v2\/comments?post=98445"}],"version-history":[{"count":0,"href":"https:\/\/zjarr.tv\/sq\/wp-json\/wp\/v2\/posts\/98445\/revisions"}],"wp:featuredmedia":[{"embeddable":true,"href":"https:\/\/zjarr.tv\/sq\/wp-json\/wp\/v2\/media\/98446"}],"wp:attachment":[{"href":"https:\/\/zjarr.tv\/sq\/wp-json\/wp\/v2\/media?parent=98445"}],"wp:term":[{"taxonomy":"category","embeddable":true,"href":"https:\/\/zjarr.tv\/sq\/wp-json\/wp\/v2\/categories?post=98445"},{"taxonomy":"post_tag","embeddable":true,"href":"https:\/\/zjarr.tv\/sq\/wp-json\/wp\/v2\/tags?post=98445"}],"curies":[{"name":"wp","href":"https:\/\/api.w.org\/{rel}","templated":true}]}}