{"id":98450,"date":"2019-07-25T12:43:54","date_gmt":"2019-07-25T10:43:54","guid":{"rendered":"https:\/\/zjarr.tv\/?p=98450"},"modified":"2019-07-25T12:43:54","modified_gmt":"2019-07-25T10:43:54","slug":"policia-holandeze-e-konfirmon-trupi-i-gjetur-i-perket-festim-latos","status":"publish","type":"post","link":"https:\/\/zjarr.tv\/sq\/policia-holandeze-e-konfirmon-trupi-i-gjetur-i-perket-festim-latos\/","title":{"rendered":"Policia holandeze e konfirmon, trupi i gjetur i p\u00ebrket Festim Latos"},"content":{"rendered":"<p>&nbsp;<\/p>\n<p>Policia holandeze kla dal\u00eb me nj\u00eb konfirmim zyrtar lidhur me trupin e gjetur t\u00eb pajet\u00eb p\u00ebrpara disa dit\u00ebsh p\u00ebr t\u00eb cilin u lajm\u00ebrua se ishte I Festim Latos, Presidentit t\u00eb vet\u00ebshpallur t\u00eb Republik\u00ebs s\u00eb \u00c7am\u00ebsris\u00eb..<\/p>\n<p>Holanda ka konfirmuar se trupi i p\u00ebrket 43-vje\u00e7arit Festim Latos<\/p>\n<p>Fax News ka arritur t\u00eb marr\u00eb 3 dit\u00eb m\u00eb par\u00eb nj\u00eb deklarat\u00eb nga autoritetet hollandeze lidhur me personon e vdekur, i cili dyshohet se \u00ebsht\u00eb ekzekutuar n\u00eb provinc\u00ebn e Utrehtit.<\/p>\n<p>Nga p\u00ebrshkrimet e b\u00ebr\u00eb, policia shprehet se viktima \u00ebsht\u00eb gjetur pasditen e t\u00eb premtes s\u00eb kaluar nga nj\u00eb kalimtar i rastit n\u00eb kanalin Amsterdam-Rhein pran\u00eb nj\u00eb fshati n\u00eb provinc\u00ebn e Utrehtit dhe i p\u00ebrket nj\u00eb 43-vje\u00e7ari shqiptar emrin e t\u00eb cilit nuk e b\u00ebn\u00eb t\u00eb ditur.<\/p>\n<p>Sipas Policis\u00eb personi n\u00eb fjal\u00eb ka munguar p\u00ebr nj\u00eb periudh\u00eb kohore n\u00eb kontaktet me t\u00eb af\u00ebrmit dhe t\u00eb njohurit e tij.<\/p>\n<p>\u201cT\u00eb premten pasdite, m\u00eb 19 korrik, mbetjet e nj\u00eb personi u gjet\u00ebn n\u00eb kanalin Amsterdam-Rhein pran\u00eb nj\u00eb fshati n\u00eb provinc\u00ebn e Utrehtit. Filloi nj\u00eb hetim penal dhe \u00e7oi n\u00eb nj\u00eb 43 vje\u00e7ar nga Shqip\u00ebria. Rreth or\u00ebs 17:00 nj\u00eb kalimtar pa di\u00e7ka q\u00eb lundronte n\u00eb uj\u00eb. Hulumtuesit mjeko-ligjor\u00eb filluan nj\u00eb hetim. Rezultatet treguan se mbetjet i p\u00ebrkasin nj\u00eb 43-vje\u00e7ari nga Shqip\u00ebria. Ky person ka munguar p\u00ebr disa koh\u00eb. Policia po vazhdon hetimet. D\u00ebshmitar\u00ebve u k\u00ebrkohet t\u00eb ndajn\u00eb informacionin e tyre me ekipin hetues: +31 793459800\u201d,\u00a0ishte p\u00ebrgjigja e Policis\u00eb holandeze dh\u00ebn\u00eb p\u00ebr Fax News.<\/p>\n<p>Kujtojm\u00eb se rreth nj\u00eb jav\u00eb m\u00eb par\u00eb m\u00eb par\u00eb n\u00ebp\u00ebr mediat shqiptare u p\u00ebrhap lajmi se ky atentat ishte b\u00ebr\u00eb ndaj presidentit t\u00eb vet\u00ebshpallur t\u00eb Republik\u00ebs s\u00eb \u00c7am\u00ebris\u00eb, Festim Latos kjo bazuar n\u00eb nj\u00eb deklarat\u00eb t\u00eb kryeministrit t\u00eb vet\u00ebshpallur t\u00eb Republik\u00ebs s\u00eb \u00c7am\u00ebris\u00eb, Ali Aliu i cili tha se Lato ishte ekzekutuar n\u00eb Holand\u00eb dhe vrasja e tij kishte prpavij\u00eb politike.<\/p>\n<p>Nd\u00ebrkoh\u00eb m\u00ebsohet se ceremonia mortore e nderimeve p\u00ebr Laton do t\u00eb b\u00ebhen n\u00eb Teatrin Petro Marko n\u00eb Vlor\u00eb.<\/p>\n<p>&nbsp;<\/p>\n","protected":false},"excerpt":{"rendered":"<p>&nbsp; Policia holandeze kla dal\u00eb me nj\u00eb konfirmim zyrtar lidhur me trupin e gjetur t\u00eb pajet\u00eb p\u00ebrpara disa dit\u00ebsh p\u00ebr t\u00eb cilin u lajm\u00ebrua se ishte I Festim Latos, Presidentit t\u00eb vet\u00ebshpallur t\u00eb Republik\u00ebs s\u00eb \u00c7am\u00ebsris\u00eb.. Holanda ka konfirmuar se trupi i p\u00ebrket 43-vje\u00e7arit Festim Latos Fax News ka arritur t\u00eb marr\u00eb 3 dit\u00eb m\u00eb [&hellip;]<\/p>\n","protected":false},"author":2013,"featured_media":98451,"comment_status":"open","ping_status":"closed","sticky":false,"template":"","format":"standard","meta":{"footnotes":""},"categories":[241,235],"tags":[],"class_list":{"0":"post-98450","1":"post","2":"type-post","3":"status-publish","4":"format-standard","5":"has-post-thumbnail","7":"category-aktualitet","8":"category-vendi"},"_links":{"self":[{"href":"https:\/\/zjarr.tv\/sq\/wp-json\/wp\/v2\/posts\/98450","targetHints":{"allow":["GET"]}}],"collection":[{"href":"https:\/\/zjarr.tv\/sq\/wp-json\/wp\/v2\/posts"}],"about":[{"href":"https:\/\/zjarr.tv\/sq\/wp-json\/wp\/v2\/types\/post"}],"author":[{"embeddable":true,"href":"https:\/\/zjarr.tv\/sq\/wp-json\/wp\/v2\/users\/2013"}],"replies":[{"embeddable":true,"href":"https:\/\/zjarr.tv\/sq\/wp-json\/wp\/v2\/comments?post=98450"}],"version-history":[{"count":0,"href":"https:\/\/zjarr.tv\/sq\/wp-json\/wp\/v2\/posts\/98450\/revisions"}],"wp:featuredmedia":[{"embeddable":true,"href":"https:\/\/zjarr.tv\/sq\/wp-json\/wp\/v2\/media\/98451"}],"wp:attachment":[{"href":"https:\/\/zjarr.tv\/sq\/wp-json\/wp\/v2\/media?parent=98450"}],"wp:term":[{"taxonomy":"category","embeddable":true,"href":"https:\/\/zjarr.tv\/sq\/wp-json\/wp\/v2\/categories?post=98450"},{"taxonomy":"post_tag","embeddable":true,"href":"https:\/\/zjarr.tv\/sq\/wp-json\/wp\/v2\/tags?post=98450"}],"curies":[{"name":"wp","href":"https:\/\/api.w.org\/{rel}","templated":true}]}}