{"id":98458,"date":"2019-07-25T12:48:48","date_gmt":"2019-07-25T10:48:48","guid":{"rendered":"https:\/\/zjarr.tv\/?p=98458"},"modified":"2019-07-25T12:48:48","modified_gmt":"2019-07-25T10:48:48","slug":"shperthen-nje-transformator-disa-te-plagosur-ne-tirane","status":"publish","type":"post","link":"https:\/\/zjarr.tv\/sq\/shperthen-nje-transformator-disa-te-plagosur-ne-tirane\/","title":{"rendered":"Shp\u00ebrthen nj\u00eb transformator, disa t\u00eb plagosur n\u00eb Tiran\u00eb"},"content":{"rendered":"<p>&nbsp;<\/p>\n<p>Nj\u00eb ngjarje e r\u00ebnd\u00eb ka ndodhur n\u00eb zon\u00ebn industriale t\u00eb Tiran\u00ebs.<\/p>\n<p>Nj\u00eb transformator ka shp\u00ebrthyer n\u00eb nj\u00eb zon\u00eb n\u00eb autostrad\u00ebn Tiran\u00eb-Durr\u00ebs.<\/p>\n<p>M\u00ebsohet se jan\u00eb plagosur 3 persona.<\/p>\n<p>Nj\u00ebri prej t\u00eb plagosurve \u00ebsht\u00eb n\u00eb gjendje t\u00eb r\u00ebnd\u00eb.<\/p>\n<p>Drejt vendit t\u00eb ngjarjes kan\u00eb shkuar disa ambulanca. T\u00eb plagosurit jan\u00eb d\u00ebrguar me urgjenc\u00eb n\u00eb spitalin e Traum\u00ebs.<\/p>\n<p>Kan\u00eb nisur hetimet n\u00eb lidhje me ngjarjen.<\/p>\n<p>Njoftimi i Policis\u00eb s\u00eb Tiran\u00ebs:<\/p>\n<p>Rreth or\u00ebs 12.00,\u00a0 n\u00eb autostrad\u00ebn Tiran\u00eb &#8211; Durr\u00ebs n\u00eb af\u00ebrsi t\u00eb nj\u00eb objekti n\u00eb rekonstruksion si pasoj\u00eb e nj\u00eb shk\u00ebndije elektrike ka shp\u00ebrthyer nj\u00eb transformator elektrik.<\/p>\n<p>Si pasoj\u00eb e shp\u00ebrthimit kan\u00eb mbetur t\u00eb d\u00ebmtuar 3 punonj\u00ebs e k\u00ebtij objekti\u00a0 shtetasit GJ. S, S. \u00c7 dhe F. \u00c7 t\u00eb cil\u00ebt u d\u00ebrguan n\u00eb spital p\u00ebr ndihm\u00eb mjeksore.<\/p>\n<p>Grupi hetimor ndodhet n\u00eb vendngjarje dhe po vijon pun\u00ebn p\u00ebr sqarimin e metejsh\u00ebm t\u00eb rrethanave t\u00eb ngjarjes.<\/p>\n<p>&nbsp;<\/p>\n","protected":false},"excerpt":{"rendered":"<p>&nbsp; Nj\u00eb ngjarje e r\u00ebnd\u00eb ka ndodhur n\u00eb zon\u00ebn industriale t\u00eb Tiran\u00ebs. Nj\u00eb transformator ka shp\u00ebrthyer n\u00eb nj\u00eb zon\u00eb n\u00eb autostrad\u00ebn Tiran\u00eb-Durr\u00ebs. M\u00ebsohet se jan\u00eb plagosur 3 persona. Nj\u00ebri prej t\u00eb plagosurve \u00ebsht\u00eb n\u00eb gjendje t\u00eb r\u00ebnd\u00eb. Drejt vendit t\u00eb ngjarjes kan\u00eb shkuar disa ambulanca. T\u00eb plagosurit jan\u00eb d\u00ebrguar me urgjenc\u00eb n\u00eb spitalin e Traum\u00ebs. [&hellip;]<\/p>\n","protected":false},"author":2013,"featured_media":98459,"comment_status":"open","ping_status":"closed","sticky":false,"template":"","format":"standard","meta":{"footnotes":""},"categories":[241,235],"tags":[],"class_list":{"0":"post-98458","1":"post","2":"type-post","3":"status-publish","4":"format-standard","5":"has-post-thumbnail","7":"category-aktualitet","8":"category-vendi"},"_links":{"self":[{"href":"https:\/\/zjarr.tv\/sq\/wp-json\/wp\/v2\/posts\/98458","targetHints":{"allow":["GET"]}}],"collection":[{"href":"https:\/\/zjarr.tv\/sq\/wp-json\/wp\/v2\/posts"}],"about":[{"href":"https:\/\/zjarr.tv\/sq\/wp-json\/wp\/v2\/types\/post"}],"author":[{"embeddable":true,"href":"https:\/\/zjarr.tv\/sq\/wp-json\/wp\/v2\/users\/2013"}],"replies":[{"embeddable":true,"href":"https:\/\/zjarr.tv\/sq\/wp-json\/wp\/v2\/comments?post=98458"}],"version-history":[{"count":0,"href":"https:\/\/zjarr.tv\/sq\/wp-json\/wp\/v2\/posts\/98458\/revisions"}],"wp:featuredmedia":[{"embeddable":true,"href":"https:\/\/zjarr.tv\/sq\/wp-json\/wp\/v2\/media\/98459"}],"wp:attachment":[{"href":"https:\/\/zjarr.tv\/sq\/wp-json\/wp\/v2\/media?parent=98458"}],"wp:term":[{"taxonomy":"category","embeddable":true,"href":"https:\/\/zjarr.tv\/sq\/wp-json\/wp\/v2\/categories?post=98458"},{"taxonomy":"post_tag","embeddable":true,"href":"https:\/\/zjarr.tv\/sq\/wp-json\/wp\/v2\/tags?post=98458"}],"curies":[{"name":"wp","href":"https:\/\/api.w.org\/{rel}","templated":true}]}}