{"id":98461,"date":"2019-07-25T12:53:41","date_gmt":"2019-07-25T10:53:41","guid":{"rendered":"https:\/\/zjarr.tv\/?p=98461"},"modified":"2019-07-25T12:53:41","modified_gmt":"2019-07-25T10:53:41","slug":"i-ngacmoi-vajzen-masakron-me-thike-te-riun-ne-vlore","status":"publish","type":"post","link":"https:\/\/zjarr.tv\/sq\/i-ngacmoi-vajzen-masakron-me-thike-te-riun-ne-vlore\/","title":{"rendered":"I ngacmoi vajz\u00ebn, masakron me thik\u00eb t\u00eb riun n\u00eb Vlor\u00eb"},"content":{"rendered":"<p>&nbsp;<\/p>\n<p>&nbsp;<\/p>\n<p>I \u00a0ngacmoi t\u00eb bij\u00ebn, burri nga Vlora b\u00ebn p\u00ebr spital nj\u00eb djale. Ngjarja m\u00ebsohet t\u00eb ket\u00eb ndodhur nj\u00eb dite me pare n\u00eb af\u00ebrsi t\u00eb tregut t\u00eb orizit. Nj\u00eb mashkull i mosh\u00ebs rreth 50 vje\u00e7 ka masakruar me thik\u00eb nj\u00eb djal\u00eb pasi ky i fundit mendohet ti ket\u00eb ngacmuar vajz\u00ebn.<\/p>\n<p>I riu ka marr disa plag\u00eb si pasoj\u00eb e goditjes me thik\u00eb, n\u00eb bark dhe krah. Fatmir\u00ebsisht jasht\u00eb rrezikut p\u00ebr jet\u00ebn.<\/p>\n<p>Agresori n\u00eb lagje njihet si person problematik pasi ka vet\u00ebm pak kohe qe ka dal\u00eb nga burgu ku ka b\u00ebr\u00eb 12 vite burg, I akuzuar p\u00ebr vrasje. Policia ka mb\u00ebrritur ne vendngjarje por pa mundur te arrestoj\u00eb agresorin.<br \/>\nPolicia shton se po kryhen te gjitha veprimet p\u00ebr ndalimin e agresorit.<\/p>\n<p>&nbsp;<\/p>\n","protected":false},"excerpt":{"rendered":"<p>&nbsp; &nbsp; I \u00a0ngacmoi t\u00eb bij\u00ebn, burri nga Vlora b\u00ebn p\u00ebr spital nj\u00eb djale. Ngjarja m\u00ebsohet t\u00eb ket\u00eb ndodhur nj\u00eb dite me pare n\u00eb af\u00ebrsi t\u00eb tregut t\u00eb orizit. Nj\u00eb mashkull i mosh\u00ebs rreth 50 vje\u00e7 ka masakruar me thik\u00eb nj\u00eb djal\u00eb pasi ky i fundit mendohet ti ket\u00eb ngacmuar vajz\u00ebn. I riu ka marr [&hellip;]<\/p>\n","protected":false},"author":2013,"featured_media":88389,"comment_status":"open","ping_status":"closed","sticky":false,"template":"","format":"standard","meta":{"footnotes":""},"categories":[241,235],"tags":[],"class_list":{"0":"post-98461","1":"post","2":"type-post","3":"status-publish","4":"format-standard","5":"has-post-thumbnail","7":"category-aktualitet","8":"category-vendi"},"_links":{"self":[{"href":"https:\/\/zjarr.tv\/sq\/wp-json\/wp\/v2\/posts\/98461","targetHints":{"allow":["GET"]}}],"collection":[{"href":"https:\/\/zjarr.tv\/sq\/wp-json\/wp\/v2\/posts"}],"about":[{"href":"https:\/\/zjarr.tv\/sq\/wp-json\/wp\/v2\/types\/post"}],"author":[{"embeddable":true,"href":"https:\/\/zjarr.tv\/sq\/wp-json\/wp\/v2\/users\/2013"}],"replies":[{"embeddable":true,"href":"https:\/\/zjarr.tv\/sq\/wp-json\/wp\/v2\/comments?post=98461"}],"version-history":[{"count":0,"href":"https:\/\/zjarr.tv\/sq\/wp-json\/wp\/v2\/posts\/98461\/revisions"}],"wp:featuredmedia":[{"embeddable":true,"href":"https:\/\/zjarr.tv\/sq\/wp-json\/wp\/v2\/media\/88389"}],"wp:attachment":[{"href":"https:\/\/zjarr.tv\/sq\/wp-json\/wp\/v2\/media?parent=98461"}],"wp:term":[{"taxonomy":"category","embeddable":true,"href":"https:\/\/zjarr.tv\/sq\/wp-json\/wp\/v2\/categories?post=98461"},{"taxonomy":"post_tag","embeddable":true,"href":"https:\/\/zjarr.tv\/sq\/wp-json\/wp\/v2\/tags?post=98461"}],"curies":[{"name":"wp","href":"https:\/\/api.w.org\/{rel}","templated":true}]}}