{"id":98463,"date":"2019-07-25T12:55:33","date_gmt":"2019-07-25T10:55:33","guid":{"rendered":"https:\/\/zjarr.tv\/?p=98463"},"modified":"2019-07-25T12:55:33","modified_gmt":"2019-07-25T10:55:33","slug":"prokurori-i-krimeve-te-renda-klodian-braho-ne-veting","status":"publish","type":"post","link":"https:\/\/zjarr.tv\/sq\/prokurori-i-krimeve-te-renda-klodian-braho-ne-veting\/","title":{"rendered":"Prokurori i Krimeve t\u00eb R\u00ebnda, Klodian Braho n\u00eb veting"},"content":{"rendered":"<p>&nbsp;<\/p>\n<p>&nbsp;<\/p>\n<p>Sot \u00ebsht\u00eb seanca d\u00ebgjimore p\u00ebr Klodian Brahon, prokuror pran\u00eb Prokuroris\u00eb s\u00eb Krimeve t\u00eb R\u00ebnda Tiran\u00eb<\/p>\n<p>Sipas ILDKPKI, Klodian Braho ka b\u00ebr\u00eb deklarim t\u00eb sakt\u00eb, nuk ka fshehur pasurin\u00eb. Braho ka apartament 66.8 m2 n\u00eb Kashar me vler\u00eb 29 mij\u00eb euro t\u00eb bler\u00eb nga t\u00eb ardhurat dhe nj\u00eb kredi bankare.<\/p>\n<p>Lidhur me aft\u00ebsit\u00eb profesionale, \u00ebsht\u00eb p\u00ebrgatitur nj\u00eb raport nga KLP dhe nuk rezulton q\u00eb Braho t\u00eb ket\u00eb masa disiplinore.<\/p>\n<p>Vler\u00ebsimi i tij ka qen\u00eb shum\u00eb mir\u00eb nd\u00ebrkoh\u00eb q\u00eb ka pasur 9 denoncime.<\/p>\n<p>Vet\u00eb Braho k\u00ebrkoi konfirmimin e tij n\u00eb detyr\u00eb. Vendimi pritet t\u00eb jepet m\u00eb 26 korrik 2019.<\/p>\n<p>&nbsp;<\/p>\n","protected":false},"excerpt":{"rendered":"<p>&nbsp; &nbsp; Sot \u00ebsht\u00eb seanca d\u00ebgjimore p\u00ebr Klodian Brahon, prokuror pran\u00eb Prokuroris\u00eb s\u00eb Krimeve t\u00eb R\u00ebnda Tiran\u00eb Sipas ILDKPKI, Klodian Braho ka b\u00ebr\u00eb deklarim t\u00eb sakt\u00eb, nuk ka fshehur pasurin\u00eb. Braho ka apartament 66.8 m2 n\u00eb Kashar me vler\u00eb 29 mij\u00eb euro t\u00eb bler\u00eb nga t\u00eb ardhurat dhe nj\u00eb kredi bankare. Lidhur me aft\u00ebsit\u00eb profesionale, [&hellip;]<\/p>\n","protected":false},"author":2013,"featured_media":98464,"comment_status":"open","ping_status":"closed","sticky":false,"template":"","format":"standard","meta":{"footnotes":""},"categories":[241,235],"tags":[],"class_list":{"0":"post-98463","1":"post","2":"type-post","3":"status-publish","4":"format-standard","5":"has-post-thumbnail","7":"category-aktualitet","8":"category-vendi"},"_links":{"self":[{"href":"https:\/\/zjarr.tv\/sq\/wp-json\/wp\/v2\/posts\/98463","targetHints":{"allow":["GET"]}}],"collection":[{"href":"https:\/\/zjarr.tv\/sq\/wp-json\/wp\/v2\/posts"}],"about":[{"href":"https:\/\/zjarr.tv\/sq\/wp-json\/wp\/v2\/types\/post"}],"author":[{"embeddable":true,"href":"https:\/\/zjarr.tv\/sq\/wp-json\/wp\/v2\/users\/2013"}],"replies":[{"embeddable":true,"href":"https:\/\/zjarr.tv\/sq\/wp-json\/wp\/v2\/comments?post=98463"}],"version-history":[{"count":0,"href":"https:\/\/zjarr.tv\/sq\/wp-json\/wp\/v2\/posts\/98463\/revisions"}],"wp:featuredmedia":[{"embeddable":true,"href":"https:\/\/zjarr.tv\/sq\/wp-json\/wp\/v2\/media\/98464"}],"wp:attachment":[{"href":"https:\/\/zjarr.tv\/sq\/wp-json\/wp\/v2\/media?parent=98463"}],"wp:term":[{"taxonomy":"category","embeddable":true,"href":"https:\/\/zjarr.tv\/sq\/wp-json\/wp\/v2\/categories?post=98463"},{"taxonomy":"post_tag","embeddable":true,"href":"https:\/\/zjarr.tv\/sq\/wp-json\/wp\/v2\/tags?post=98463"}],"curies":[{"name":"wp","href":"https:\/\/api.w.org\/{rel}","templated":true}]}}