{"id":98466,"date":"2019-07-25T12:57:18","date_gmt":"2019-07-25T10:57:18","guid":{"rendered":"https:\/\/zjarr.tv\/?p=98466"},"modified":"2019-07-25T12:57:18","modified_gmt":"2019-07-25T10:57:18","slug":"ndahet-nga-jeta-historiani-agim-musta","status":"publish","type":"post","link":"https:\/\/zjarr.tv\/sq\/ndahet-nga-jeta-historiani-agim-musta\/","title":{"rendered":"Ndahet nga jeta historiani, Agim Musta"},"content":{"rendered":"<p>&nbsp;<\/p>\n<p>Kreu i Partis\u00eb Demokratike, Lulzim Basha ka njoftuar ndarjen nga jeta t\u00eb historianit Agim Musta, n\u00eb mosh\u00ebn 89-vje\u00e7are.<\/p>\n<p>Teksa ka komunikuar lajmin n\u00eb nj\u00eb postim n\u00eb Facebook, Basha i shpreh ngush\u00ebllimet familjar\u00ebve.<\/p>\n<p><strong>Postimi i Bash\u00ebs:<\/strong><\/p>\n<p><em>Me hidh\u00ebrim t\u00eb thell\u00eb m\u00ebsova ndarjen nga jeta t\u00eb historianit, filologut dhe aktivistit t\u00eb t\u00eb drejtave t\u00eb njeriut Agim Musta, nj\u00eb d\u00ebshmitari t\u00eb \u00e7muar, nj\u00eb simboli t\u00eb rezistenc\u00ebs antikomuniste dhe nj\u00eb rr\u00ebfyesi t\u00eb pashoq p\u00ebr krimet e diktatur\u00ebs komuniste.<\/em><\/p>\n<p><em>Agim Musta ishte etaloni i t\u00eb burgosurit politik n\u00eb diktatur\u00ebn komuniste. Ai ishte pjes\u00ebtar i \u201cgrupit socialdemokrat\u201d, s\u00eb bashku me Pjet\u00ebr Arbnorin, Uran Kalakul\u00ebn e t\u00eb tjer\u00eb antikomunist\u00eb q\u00eb n\u00eb 1962 u arrestuan, sepse tentuan t\u00eb themelonin t\u00eb parin formacion politik, pas vendosjes s\u00eb diktatur\u00ebs m\u00eb 1944-n. Pasi provoi p\u00ebr 13 vjet burgjet m\u00eb t\u00eb egra t\u00eb diktatur\u00ebs, n\u00eb Burrel e n\u00eb Spa\u00e7, Agim Musta u mbijetoi edhe viteve t\u00eb tjera t\u00eb diktatur\u00ebs dhe u p\u00ebrfshi n\u00eb vitin 1990 n\u00eb L\u00ebvizjen p\u00ebr Demokraci, duke qen\u00eb nj\u00eb themelues i Shoqat\u00ebs s\u00eb t\u00eb P\u00ebrndjekurve Politik\u00eb.<\/em><\/p>\n<p><em>Emrin e Agim Must\u00ebs e gjen n\u00eb \u00e7do nism\u00eb p\u00ebr rehabilimin e viktimave t\u00eb komunizmit, integrimin n\u00eb shoq\u00ebri t\u00eb ish-t\u00eb p\u00ebrndjekurve politik\u00eb dhe pasardh\u00ebsve t\u00eb tyre, si dhe n\u00eb radh\u00ebn e par\u00eb t\u00eb atyre q\u00eb k\u00ebrkonin nd\u00ebshkimin e ideator\u00ebve dhe atyre q\u00eb vun\u00eb n\u00eb zbatim p\u00ebr 45 vjet diktatur\u00ebn m\u00eb t\u00eb eg\u00ebr n\u00eb Evrop\u00eb. Ai ishte hartuesi i par\u00eb i hart\u00ebs s\u00eb zbulimit t\u00eb m\u00eb shum\u00eb se 100 burgjeve, kampeve t\u00eb internimit e kampeve t\u00eb telave me gjemba. Agim Musta ishte nj\u00eb kontributor n\u00eb themelimin e Pavionit t\u00eb terrorit komunist n\u00eb Shqip\u00ebri dhe nj\u00ebri nga an\u00ebtar\u00ebt e komisionit q\u00eb u mor me rind\u00ebrtimin e Pavionit t\u00eb viktimave t\u00eb diktatur\u00ebs komuniste, n\u00eb 2012-n, n\u00eb 100 vjetorin e pavar\u00ebsis\u00eb. Ai kontribuoi n\u00eb vet\u00eb t\u00eb par\u00eb, jo vet\u00ebm n\u00eb mbledhjen e d\u00ebshmive, por edhe me publikimin e 13 librave, me fakte historike, d\u00ebshmi e intervista p\u00ebr zbardhjen e krimeve gjat\u00eb 45 viteve t\u00eb diktatur\u00ebs.<\/em><\/p>\n<p><em>Agim Musta ishte nj\u00eb shembull i intelektualit q\u00eb nuk u shmangej p\u00ebrgjegj\u00ebsive t\u00eb shumta q\u00eb tranzicioni linte jetime. Angazhimi i tij n\u00eb mbrojtje t\u00eb t\u00eb drejtave t\u00eb njeriut, si dhe p\u00ebr gjetjen e eshtrave t\u00eb mbi 4 mij\u00eb t\u00eb vrar\u00ebve t\u00eb diktatur\u00ebs \u00ebsht\u00eb nj\u00eb leksion p\u00ebr t\u00eb gjith\u00eb ne. Kur shoq\u00ebria ka nevoj\u00eb, intelektual\u00ebt e ngren\u00eb z\u00ebrin, ata rreshtohen dhe nuk stepen as nga intimidimet e metastazave t\u00eb diktatur\u00ebs e as nga joshja imorale e zengjin\u00ebve q\u00eb duan t\u00eb blejn\u00eb heshtjen, rob\u00ebrin\u00eb e re t\u00eb shoq\u00ebrive me demokraci hibride.<\/em><\/p>\n<p><em>Un\u00eb u jam pran\u00eb vajzave t\u00eb Agim Must\u00ebs, Elisabet\u00ebs dhe Suel\u00ebs, dhe ndaj me to ndjesin\u00eb e krenaris\u00eb q\u00eb ndjen \u00e7do shqiptar p\u00ebr nj\u00eb d\u00ebshmitar t\u00eb diktatur\u00ebs komuniste, q\u00eb, qysh prej 1990-s, ja kushtoi jet\u00ebn e vet publikimit t\u00eb k\u00ebtyre d\u00ebshmive. K\u00ebtu jeta e Agimit dallon nga jeta e t\u00eb burgosurve t\u00eb tjer\u00eb t\u00eb komunizmit. Publikimi i d\u00ebshmive p\u00ebr krimet dhe i librave t\u00eb tjer\u00eb historik\u00eb \u00ebsht\u00eb nj\u00eb kontribut i pashoq, p\u00ebr t\u00eb cilin jam i sigurt\u00eb se shoq\u00ebria shqiptare do t\u2019i jet\u00eb p\u00ebrjet\u00ebsisht mir\u00ebnjoh\u00ebs Agim Must\u00ebs.<\/em><\/p>\n<p><em>U preht\u00eb n\u00eb paqe!<\/em><\/p>\n<p>&nbsp;<\/p>\n","protected":false},"excerpt":{"rendered":"<p>&nbsp; Kreu i Partis\u00eb Demokratike, Lulzim Basha ka njoftuar ndarjen nga jeta t\u00eb historianit Agim Musta, n\u00eb mosh\u00ebn 89-vje\u00e7are. Teksa ka komunikuar lajmin n\u00eb nj\u00eb postim n\u00eb Facebook, Basha i shpreh ngush\u00ebllimet familjar\u00ebve. Postimi i Bash\u00ebs: Me hidh\u00ebrim t\u00eb thell\u00eb m\u00ebsova ndarjen nga jeta t\u00eb historianit, filologut dhe aktivistit t\u00eb t\u00eb drejtave t\u00eb njeriut Agim [&hellip;]<\/p>\n","protected":false},"author":2013,"featured_media":98467,"comment_status":"open","ping_status":"closed","sticky":false,"template":"","format":"standard","meta":{"footnotes":""},"categories":[241,235],"tags":[],"class_list":{"0":"post-98466","1":"post","2":"type-post","3":"status-publish","4":"format-standard","5":"has-post-thumbnail","7":"category-aktualitet","8":"category-vendi"},"_links":{"self":[{"href":"https:\/\/zjarr.tv\/sq\/wp-json\/wp\/v2\/posts\/98466","targetHints":{"allow":["GET"]}}],"collection":[{"href":"https:\/\/zjarr.tv\/sq\/wp-json\/wp\/v2\/posts"}],"about":[{"href":"https:\/\/zjarr.tv\/sq\/wp-json\/wp\/v2\/types\/post"}],"author":[{"embeddable":true,"href":"https:\/\/zjarr.tv\/sq\/wp-json\/wp\/v2\/users\/2013"}],"replies":[{"embeddable":true,"href":"https:\/\/zjarr.tv\/sq\/wp-json\/wp\/v2\/comments?post=98466"}],"version-history":[{"count":0,"href":"https:\/\/zjarr.tv\/sq\/wp-json\/wp\/v2\/posts\/98466\/revisions"}],"wp:featuredmedia":[{"embeddable":true,"href":"https:\/\/zjarr.tv\/sq\/wp-json\/wp\/v2\/media\/98467"}],"wp:attachment":[{"href":"https:\/\/zjarr.tv\/sq\/wp-json\/wp\/v2\/media?parent=98466"}],"wp:term":[{"taxonomy":"category","embeddable":true,"href":"https:\/\/zjarr.tv\/sq\/wp-json\/wp\/v2\/categories?post=98466"},{"taxonomy":"post_tag","embeddable":true,"href":"https:\/\/zjarr.tv\/sq\/wp-json\/wp\/v2\/tags?post=98466"}],"curies":[{"name":"wp","href":"https:\/\/api.w.org\/{rel}","templated":true}]}}