{"id":98477,"date":"2019-07-25T14:00:44","date_gmt":"2019-07-25T12:00:44","guid":{"rendered":"https:\/\/zjarr.tv\/?p=98477"},"modified":"2019-07-25T14:00:44","modified_gmt":"2019-07-25T12:00:44","slug":"fillon-lufta-brenda-ps-se-eshte-ne-hetim-te-ngrije-taulant-balla","status":"publish","type":"post","link":"https:\/\/zjarr.tv\/sq\/fillon-lufta-brenda-ps-se-eshte-ne-hetim-te-ngrije-taulant-balla\/","title":{"rendered":"Fillon lufta brenda PS-s\u00eb: \u00cbsht\u00eb n\u00eb hetim, t\u00eb ngrij\u00eb Taulant Balla"},"content":{"rendered":"<p>&nbsp;<\/p>\n<p>Nj\u00eb grup socialist\u00ebsh drejtuar nga ish-ministri socialist Arben Malaj kan\u00eb nisur me mbledhjen e firmave p\u00ebr \u2018vet\u00ebngrirjen\u2019 e sekretarit t\u00eb P\u00ebrgjithsh\u00ebm t\u00eb PS Taulant Ball\u00ebs deri n\u00eb p\u00ebrfundim t\u00eb hetimeve nga Prokuroria p\u00ebr \u00e7\u00ebshtjen p\u00ebr \u00e7\u00ebshtjen Toyota Yaris.<\/p>\n<p>Sipas k\u00ebtij grupimi \u2018vet\u00ebngrirja\u2019 n\u00ebnkupton q\u00eb n\u00eb asnj\u00eb aktivitet partiak dhe parlamentar brenda dhe jasht\u00eb vendit Balla nuk mund t\u00eb ket\u00eb t\u00eb drejt\u00eb t\u00eb flas si sekretar i p\u00ebrgjithsh\u00ebm i PS dhe kryetar i Grupit parlamentar.<\/p>\n<p>Tre pikat e k\u00ebrkuara nga socialist\u00ebt:<\/p>\n<p>T\u00eb ngrij\u00eb statusin e Sekretarit t\u00eb P\u00ebrgjithsh\u00ebm t\u00eb PS<\/p>\n<p>T\u00eb \u2018vet\u00ebngrij\u00eb,\u2019 statusin e Kryetarit t\u00eb Grupit parlamentar t\u00eb PS<\/p>\n<p>Nj\u00ebkoh\u00ebsisht t\u00eb z\u00ebvend\u00ebsohet n\u00eb \u00e7do mandat p\u00ebrfaq\u00ebsimi partiak dhe parlamentar brenda vendit dhe n\u00eb organizatat partake apo parlamentare n\u00eb nivel rajonal, evropian dhe internationalist.<\/p>\n<p>Deklarata e nje grupi socialist\u00ebsh:<\/p>\n<p>Taulant Balla nuk mund te konsiderohet i\u00a0denuar pa nje vendim te prerje te nje gjykate.<\/p>\n<p>Por per shkak se ai do te pyetjet nga hetued vendas dhe te huaj per raste kritike per lidhje me krimin, bazuar ne modelin inspiruese edhe te Hajredinajt, me dashurine dhe pergjegjesine mirenjoheseve ndaj socilisteve te thjeshte qe e krijuan, modernizuan dhe e bene PS deri ne vitin 2005 partine me te hapur, me lirine me te madhe per mendimin ndryshe ne proceset me transparente dhe konkuruese ne politike shqipetare publikisht ju kerkojne socialisteve modeste, te thjeshte dhe te mire ne strukturat drejtuesve partiake, politike qeverisese dhe parlamentare :<\/p>\n<p>Taulant Balla te \u2018vet-ngrije\u2019 deri ne perfundimin e ketij hetimi, te dy statusit me te rendesishme qe ja PS,<\/p>\n<p>Te ngrije statusin e Sekretarit te Pergjithshem te PS<\/p>\n<p>Te \u2018vetngrije,\u2019 statusin e Kryetarit te Grupit parlamentar te PS<\/p>\n<p>C Njekohesisht te zvendesohet ne cdo mandat perfaqesimi partiak dhe parlamentar brenda vendit dhe ne organizatat partake apo parlamentare ne nivel rajonal, evropian dhe internationalist.<\/p>\n<p>Vet-ngrirja nenkupton qe ne asnje aktivitet partiak dhe parlamentare brenda dhe jashte vendit Taulanti nuk mund te kete te drejte te flas si sekretar I pergjithshem I PS dhe kryetar I Grupit parlamentar te PS.<\/p>\n<p>Kjo nuk e pengon te vazhdoj me besnikeri te larte partiake dhe perkushtim mirenjohes Taulanti te kontriubuoj si anetar partie dhe si deputet. Nje grup I ish deputeteve te PS. Cdo solidariteti I cdo socialisti te thjeshte dhe perfaqesues fisnik dhe te ndershem te PS 1991-2005<\/p>\n<p>Nqs Taulanti nuk pranon te vetngrihet dei ne mbledhjen e hetimeve, eshte pergjegjesi e drejtuesve te PS te ndermarrjen e ketij vendimi. \/Newsbomb.al<\/p>\n<p>&nbsp;<\/p>\n","protected":false},"excerpt":{"rendered":"<p>&nbsp; Nj\u00eb grup socialist\u00ebsh drejtuar nga ish-ministri socialist Arben Malaj kan\u00eb nisur me mbledhjen e firmave p\u00ebr \u2018vet\u00ebngrirjen\u2019 e sekretarit t\u00eb P\u00ebrgjithsh\u00ebm t\u00eb PS Taulant Ball\u00ebs deri n\u00eb p\u00ebrfundim t\u00eb hetimeve nga Prokuroria p\u00ebr \u00e7\u00ebshtjen p\u00ebr \u00e7\u00ebshtjen Toyota Yaris. Sipas k\u00ebtij grupimi \u2018vet\u00ebngrirja\u2019 n\u00ebnkupton q\u00eb n\u00eb asnj\u00eb aktivitet partiak dhe parlamentar brenda dhe jasht\u00eb vendit [&hellip;]<\/p>\n","protected":false},"author":2013,"featured_media":30694,"comment_status":"open","ping_status":"closed","sticky":false,"template":"","format":"standard","meta":{"footnotes":""},"categories":[241,235],"tags":[],"class_list":{"0":"post-98477","1":"post","2":"type-post","3":"status-publish","4":"format-standard","5":"has-post-thumbnail","7":"category-aktualitet","8":"category-vendi"},"_links":{"self":[{"href":"https:\/\/zjarr.tv\/sq\/wp-json\/wp\/v2\/posts\/98477","targetHints":{"allow":["GET"]}}],"collection":[{"href":"https:\/\/zjarr.tv\/sq\/wp-json\/wp\/v2\/posts"}],"about":[{"href":"https:\/\/zjarr.tv\/sq\/wp-json\/wp\/v2\/types\/post"}],"author":[{"embeddable":true,"href":"https:\/\/zjarr.tv\/sq\/wp-json\/wp\/v2\/users\/2013"}],"replies":[{"embeddable":true,"href":"https:\/\/zjarr.tv\/sq\/wp-json\/wp\/v2\/comments?post=98477"}],"version-history":[{"count":0,"href":"https:\/\/zjarr.tv\/sq\/wp-json\/wp\/v2\/posts\/98477\/revisions"}],"wp:featuredmedia":[{"embeddable":true,"href":"https:\/\/zjarr.tv\/sq\/wp-json\/wp\/v2\/media\/30694"}],"wp:attachment":[{"href":"https:\/\/zjarr.tv\/sq\/wp-json\/wp\/v2\/media?parent=98477"}],"wp:term":[{"taxonomy":"category","embeddable":true,"href":"https:\/\/zjarr.tv\/sq\/wp-json\/wp\/v2\/categories?post=98477"},{"taxonomy":"post_tag","embeddable":true,"href":"https:\/\/zjarr.tv\/sq\/wp-json\/wp\/v2\/tags?post=98477"}],"curies":[{"name":"wp","href":"https:\/\/api.w.org\/{rel}","templated":true}]}}