{"id":98479,"date":"2019-07-25T14:06:40","date_gmt":"2019-07-25T12:06:40","guid":{"rendered":"https:\/\/zjarr.tv\/?p=98479"},"modified":"2019-07-25T14:06:40","modified_gmt":"2019-07-25T12:06:40","slug":"mbledhja-ked-i-hap-rruge-kandidateve-per-ne-kushtetuese-dhe-ild","status":"publish","type":"post","link":"https:\/\/zjarr.tv\/sq\/mbledhja-ked-i-hap-rruge-kandidateve-per-ne-kushtetuese-dhe-ild\/","title":{"rendered":"Mbledhja\/ KED i hap rrug\u00eb kandidat\u00ebve p\u00ebr n\u00eb Kushtetuese dhe ILD"},"content":{"rendered":"<p>&nbsp;<\/p>\n<p>K\u00ebshilli i Em\u00ebrimeve n\u00eb Drejt\u00ebsi (KED), zhvilloi sot mbledhjen p\u00ebr verifikimin e kandidat\u00ebve p\u00ebr vendet vakant p\u00ebr n\u00eb Gjykat\u00ebn Kushtetuese dhe Inspektorin e Lart\u00eb t\u00eb Drejt\u00ebsis\u00eb.<\/p>\n<p>N\u00eb njoftimin p\u00ebr mediet b\u00ebhet e ditur se K\u00ebshilli i Em\u00ebrimeve n\u00eb Drejt\u00ebsi, pasi shqyrtoi aktet dhe procedur\u00ebn e ndjekur p\u00ebr verifikimin e kandidaturave dhe dokumentacionin e p\u00ebrgatitur lidhur me plot\u00ebsimin e kushteve ligjore p\u00ebr kandidim p\u00ebr secilin kandidat t\u00eb p\u00ebrcaktuar n\u00eb rendin e dit\u00ebs, pasi d\u00ebgjoi mendimin e p\u00ebrfaq\u00ebsuesit t\u00eb Avokatit t\u00eb Popullit lidhur me procedur\u00ebn e ndjekur n\u00eb verifikimin e kandidaturave, vendosi lijimin e kandidimit t\u00eb kandidat\u00ebve p\u00ebr gjyqtar n\u00eb Gjykat\u00ebn Kushtetuese si:<\/p>\n<p>Arta Vorpsi, p\u00ebr vendin vakant t\u00eb shpallur nga Presidenti i Republik\u00ebs<br \/>\nArta Vorpsi, p\u00ebr vendin vakant t\u00eb shpallur nga Kuvendi<br \/>\nArta Vorpsi, p\u00ebr vendin vakant t\u00eb shpallur nga Presidenti i Republik\u00ebs<br \/>\nArta Vorpsi, p\u00ebr vendin vakant t\u00eb shpallur nga Kuvendi<br \/>\nBesnik Mu\u00e7i, p\u00ebr vendin vakant t\u00eb shpallur nga Presidenti i Republik\u00ebs<br \/>\nBesnik Mu\u00e7i, p\u00ebr vendin vakant t\u00eb shpallur nga Kuvendi, n\u00eb dat\u00ebn 12.02.2018;<br \/>\nBesnik Mu\u00e7i, p\u00ebr vendin vakant, vakanc\u00eb e parakohshme, t\u00eb shpallur nga Presidenti i Republik\u00ebs<br \/>\nFiona Papajorgji, p\u00ebr vendin vakant t\u00eb shpallur nga Presidenti i Republik\u00ebs<br \/>\nFiona Papajorgji, p\u00ebr vendin vakant t\u00eb shpallur nga Kuvendi<br \/>\nRegleta Panajoti, p\u00ebr vendin vakant t\u00eb shpallur nga Presidenti i Republik\u00ebs<br \/>\nRegleta Panajoti, p\u00ebr vendin vakant, vakanc\u00eb e parakohshme, t\u00eb shpallur nga Presidenti i Republik\u00ebs<br \/>\nNdalimin e kandidimit t\u00eb kandidat\u00ebve p\u00ebr gjyqtar n\u00eb Gjykat\u00ebn Kushtetuese si m\u00eb posht\u00eb:<\/p>\n<p>Anila Guri (Kristani), p\u00ebr vendin vakant t\u00eb shpallur nga Kuvendi<br \/>\nDed\u00eb Kasneci, p\u00ebr vendin vakant t\u00eb shpallur nga Presidenti i Republik\u00ebs<br \/>\nDed\u00eb Kasneci, p\u00ebr vendin vakant t\u00eb shpallur nga Kuvendi<br \/>\nDed\u00eb Kasneci, p\u00ebr vendin vakant, vakanc\u00eb e parakohshme, t\u00eb shpallur nga Presidenti i Republik\u00ebs<br \/>\nIlir Mustafaj, p\u00ebr vendin vakant t\u00eb shpallur nga Presidenti i Republik\u00ebs<br \/>\nIlir Mustafaj, p\u00ebr vendin vakant t\u00eb shpallur nga Presidenti i Republik\u00ebs<br \/>\nIlir Mustafaj, p\u00ebr vendin vakant t\u00eb shpallur nga Kuvendi<br \/>\nIlir Mustafaj, p\u00ebr vendin vakant, vakanc\u00eb e parakohshme, t\u00eb shpallur nga Presidenti i Republik\u00ebs<br \/>\nMimoza Qinami, p\u00ebr vendin vakant t\u00eb shpallur nga Presidenti i Republik\u00ebs<br \/>\nVladimir G\u00ebrmenji, p\u00ebr vendin vakant t\u00eb shpallur nga Presidenti i Republik\u00ebs<br \/>\nVladimir G\u00ebrmenji, p\u00ebr vendin vakant, vakanc\u00eb e parakohshme, t\u00eb shpallur nga Presidenti i Republik\u00ebs<br \/>\nPo ashtu, KED vendosi lejimin e kandidimit t\u00eb kandidatit Artur Malaj, p\u00ebr vendin vakant t\u00eb Inspektorit t\u00eb Lart\u00eb t\u00eb Drejt\u00ebsis\u00eb.<\/p>\n<p>Ndalimin e kandidimit t\u00eb kandidat\u00ebve p\u00ebr vendin vakant t\u00eb Inspektorit t\u00eb Lart\u00eb t\u00eb Drejt\u00ebsis\u00eb, si m\u00eb posht\u00eb:<\/p>\n<p>Altin Hazizaj<br \/>\nMimoza Qinami<\/p>\n<p>KED vendosi lidhur me lejimin ose ndalimin e kandidimit t\u00eb kandidates Fiona Papajorgji p\u00ebr vendin vakant, vakanc\u00eb e parakohshme, t\u00eb shpallur nga Kuvendi n\u00eb dat\u00ebn 28.08.2018, t\u00eb kandidat\u00ebve Elsa Toska dhe G\u00ebzim Allaraj n\u00eb vendet vakante p\u00ebr gjyqtar n\u00eb Gjykat\u00ebn Kushtetuese, si edhe p\u00ebr kandidaten Eris Hysi p\u00ebr vendin vakant t\u00eb Inspektorit t\u00eb Lart\u00eb t\u00eb Drejt\u00ebsis\u00eb, shtyhen p\u00ebr mbledhjen e radh\u00ebs s\u00eb K\u00ebshillit t\u00eb Em\u00ebrimeve n\u00eb Drejt\u00ebsi.<\/p>\n<p>&nbsp;<\/p>\n","protected":false},"excerpt":{"rendered":"<p>&nbsp; K\u00ebshilli i Em\u00ebrimeve n\u00eb Drejt\u00ebsi (KED), zhvilloi sot mbledhjen p\u00ebr verifikimin e kandidat\u00ebve p\u00ebr vendet vakant p\u00ebr n\u00eb Gjykat\u00ebn Kushtetuese dhe Inspektorin e Lart\u00eb t\u00eb Drejt\u00ebsis\u00eb. N\u00eb njoftimin p\u00ebr mediet b\u00ebhet e ditur se K\u00ebshilli i Em\u00ebrimeve n\u00eb Drejt\u00ebsi, pasi shqyrtoi aktet dhe procedur\u00ebn e ndjekur p\u00ebr verifikimin e kandidaturave dhe dokumentacionin e p\u00ebrgatitur [&hellip;]<\/p>\n","protected":false},"author":2013,"featured_media":98480,"comment_status":"open","ping_status":"closed","sticky":false,"template":"","format":"standard","meta":{"footnotes":""},"categories":[241,235],"tags":[],"class_list":{"0":"post-98479","1":"post","2":"type-post","3":"status-publish","4":"format-standard","5":"has-post-thumbnail","7":"category-aktualitet","8":"category-vendi"},"_links":{"self":[{"href":"https:\/\/zjarr.tv\/sq\/wp-json\/wp\/v2\/posts\/98479","targetHints":{"allow":["GET"]}}],"collection":[{"href":"https:\/\/zjarr.tv\/sq\/wp-json\/wp\/v2\/posts"}],"about":[{"href":"https:\/\/zjarr.tv\/sq\/wp-json\/wp\/v2\/types\/post"}],"author":[{"embeddable":true,"href":"https:\/\/zjarr.tv\/sq\/wp-json\/wp\/v2\/users\/2013"}],"replies":[{"embeddable":true,"href":"https:\/\/zjarr.tv\/sq\/wp-json\/wp\/v2\/comments?post=98479"}],"version-history":[{"count":0,"href":"https:\/\/zjarr.tv\/sq\/wp-json\/wp\/v2\/posts\/98479\/revisions"}],"wp:featuredmedia":[{"embeddable":true,"href":"https:\/\/zjarr.tv\/sq\/wp-json\/wp\/v2\/media\/98480"}],"wp:attachment":[{"href":"https:\/\/zjarr.tv\/sq\/wp-json\/wp\/v2\/media?parent=98479"}],"wp:term":[{"taxonomy":"category","embeddable":true,"href":"https:\/\/zjarr.tv\/sq\/wp-json\/wp\/v2\/categories?post=98479"},{"taxonomy":"post_tag","embeddable":true,"href":"https:\/\/zjarr.tv\/sq\/wp-json\/wp\/v2\/tags?post=98479"}],"curies":[{"name":"wp","href":"https:\/\/api.w.org\/{rel}","templated":true}]}}