{"id":98485,"date":"2019-07-25T14:11:00","date_gmt":"2019-07-25T12:11:00","guid":{"rendered":"https:\/\/zjarr.tv\/?p=98485"},"modified":"2019-07-25T14:11:00","modified_gmt":"2019-07-25T12:11:00","slug":"denaj-ne-2021-fatura-elektronike-per-cdo-pagese-dhe-produkt","status":"publish","type":"post","link":"https:\/\/zjarr.tv\/sq\/denaj-ne-2021-fatura-elektronike-per-cdo-pagese-dhe-produkt\/","title":{"rendered":"Denaj: N\u00eb 2021 fatura elektronike p\u00ebr \u00e7do pages\u00eb dhe produkt"},"content":{"rendered":"<p>&nbsp;<\/p>\n<p>Fatura elektronike p\u00ebr \u00e7do pages\u00eb q\u00eb kryen biznesi me konsumatorin apo biznesi me biznesin dhe qeverin\u00eb, cash apo me bank\u00eb, \u00ebsht\u00eb vler\u00eb e shtuar n\u00eb uljen e informalitetit n\u00eb ekonomin\u00eb e vendit.<\/p>\n<p>Ministrja e Financave dhe Ekonomis\u00eb Anila Denaj, gjat\u00eb nj\u00eb interpelenace t\u00eb enjten, me p\u00ebrfaq\u00ebsues t\u00eb biznesit, tha se \u201cne jemi duke p\u00ebrgatitur k\u00ebt\u00eb jav\u00eb draft ligjin p\u00ebr fatur\u00ebn elektronike i cili do t\u00eb dal\u00eb n\u00eb muajin gusht p\u00ebr konsultim pupblik. \u00cbsht\u00eb nj\u00eb draft ligj i punuar paralelisht me nj\u00eb ekip q\u00eb ka p\u00ebrgatitur edhe softwer-in, q\u00eb ndihmon zbatimin e k\u00ebtij ligji\u201d.<\/p>\n<p>Kjo do t\u00eb sjell\u00eb, theksoi Denaj, q\u00eb ne n\u00eb vitin 2021 t\u00eb kemi fatura elektronike n\u00eb t\u00eb gjitha marr\u00ebdh\u00ebniet tregtare q\u00eb jan\u00eb cash biznesi me klientin apo n\u00ebp\u00ebrmjet sektorit bankar biznesi me biznesin.<\/p>\n<p>\u201cKjo do t\u00eb thot\u00eb q\u00eb e gjith\u00eb platforma e qarkullimit do t\u00eb jet\u00eb elektronik e plot\u00eb p\u00ebr \u00e7do fatur\u00eb dhe artikull, duke na dh\u00ebn\u00eb mund\u00ebsin\u00eb neve t\u00eb jemi efektiv dhe t\u00eb shkojm\u00eb aty ku ndodh evazioni. P\u00ebr k\u00ebt\u00eb proces jemi mb\u00ebshtetur nga nj\u00eb kompani kroate e cila e realizoj\u00eb k\u00ebt\u00eb proces para disa vitesh me sukses n\u00eb Kroaci, me evidenca t\u00eb shtuara t\u00eb uljes s\u00eb infomalitetit n\u00eb ekonomi menj\u00ebher\u00eb pas implementimit t\u00eb tij\u201d- u shpreh Denaj.<\/p>\n<p>Ministrja shpjegoi se, institucionet do t\u00eb jen\u00eb n\u00eb komunikim t\u00eb vazhduesh\u00ebm me biznesin p\u00ebr aplikimin e fatur\u00ebs elektronike me q\u00ebllim efektivitetin e k\u00ebtij ligji, p\u00ebr t\u00eb gjith\u00eb n\u00eb t\u00eb ardhmen.\/ATA<\/p>\n<p>&nbsp;<\/p>\n","protected":false},"excerpt":{"rendered":"<p>&nbsp; Fatura elektronike p\u00ebr \u00e7do pages\u00eb q\u00eb kryen biznesi me konsumatorin apo biznesi me biznesin dhe qeverin\u00eb, cash apo me bank\u00eb, \u00ebsht\u00eb vler\u00eb e shtuar n\u00eb uljen e informalitetit n\u00eb ekonomin\u00eb e vendit. Ministrja e Financave dhe Ekonomis\u00eb Anila Denaj, gjat\u00eb nj\u00eb interpelenace t\u00eb enjten, me p\u00ebrfaq\u00ebsues t\u00eb biznesit, tha se \u201cne jemi duke p\u00ebrgatitur [&hellip;]<\/p>\n","protected":false},"author":2013,"featured_media":62520,"comment_status":"open","ping_status":"closed","sticky":false,"template":"","format":"standard","meta":{"footnotes":""},"categories":[241,235],"tags":[],"class_list":{"0":"post-98485","1":"post","2":"type-post","3":"status-publish","4":"format-standard","5":"has-post-thumbnail","7":"category-aktualitet","8":"category-vendi"},"_links":{"self":[{"href":"https:\/\/zjarr.tv\/sq\/wp-json\/wp\/v2\/posts\/98485","targetHints":{"allow":["GET"]}}],"collection":[{"href":"https:\/\/zjarr.tv\/sq\/wp-json\/wp\/v2\/posts"}],"about":[{"href":"https:\/\/zjarr.tv\/sq\/wp-json\/wp\/v2\/types\/post"}],"author":[{"embeddable":true,"href":"https:\/\/zjarr.tv\/sq\/wp-json\/wp\/v2\/users\/2013"}],"replies":[{"embeddable":true,"href":"https:\/\/zjarr.tv\/sq\/wp-json\/wp\/v2\/comments?post=98485"}],"version-history":[{"count":0,"href":"https:\/\/zjarr.tv\/sq\/wp-json\/wp\/v2\/posts\/98485\/revisions"}],"wp:featuredmedia":[{"embeddable":true,"href":"https:\/\/zjarr.tv\/sq\/wp-json\/wp\/v2\/media\/62520"}],"wp:attachment":[{"href":"https:\/\/zjarr.tv\/sq\/wp-json\/wp\/v2\/media?parent=98485"}],"wp:term":[{"taxonomy":"category","embeddable":true,"href":"https:\/\/zjarr.tv\/sq\/wp-json\/wp\/v2\/categories?post=98485"},{"taxonomy":"post_tag","embeddable":true,"href":"https:\/\/zjarr.tv\/sq\/wp-json\/wp\/v2\/tags?post=98485"}],"curies":[{"name":"wp","href":"https:\/\/api.w.org\/{rel}","templated":true}]}}