{"id":98489,"date":"2019-07-25T14:24:41","date_gmt":"2019-07-25T12:24:41","guid":{"rendered":"https:\/\/zjarr.tv\/?p=98489"},"modified":"2019-07-25T14:24:41","modified_gmt":"2019-07-25T12:24:41","slug":"godet-perseri-delvina-grafike-nga-cikli-tienanmeni-shqiptar-dhe-i-munguari-i-madh","status":"publish","type":"post","link":"https:\/\/zjarr.tv\/sq\/godet-perseri-delvina-grafike-nga-cikli-tienanmeni-shqiptar-dhe-i-munguari-i-madh\/","title":{"rendered":"Godet p\u00ebrs\u00ebri Delvina\/ Grafike nga cikli &#8220;Tienanmeni shqiptar dhe i munguari i madh&#8221;"},"content":{"rendered":"<p>&nbsp;<\/p>\n<p>Postimi n\u00eb facebook i grafistit Avni Delvina n\u00eb lidhje me situat\u00ebn tek Teatri Komb\u00ebtar.<\/p>\n<p>Grafike nga cikli &#8220;Tienanmeni shqiptar dhe i munguari i madh&#8221;<\/p>\n<p>Kjo ide per kete grafike me lindi nga dy momente shume emocionuese te protestes dhe perplasjes per liri dhe demokraci tek Teatri Kombetar&#8230;.E para ishte nje foto e rralle e aktorit Neritan Licaj perballe forcave te shumta te policise alla Tienanmen &#8230;..dhe e dyta ishte aktori dhe regjizori Edmond Budina, nje njeri me shume vlera e per tu marre shembull&#8230;Ne nje moment i tronditur, perpara gazetareve, ai i kerkon te prononcohet shkrimtarit te madh Ismail Kadare per Teatrin dhe per situaten dramatike te demokracise ne Shqiperi &#8230;..por mbeshtetja e shkrimtarit nuk besoj se do te vije !!!&#8230;. Ai eshte shkrimtar i madh, por Mondi, Neritani, e shume miq te tjere te kesaj perballje te veshtire jane mbi te gjitha njerez te medhenj !<\/p>\n","protected":false},"excerpt":{"rendered":"<p>&nbsp; Postimi n\u00eb facebook i grafistit Avni Delvina n\u00eb lidhje me situat\u00ebn tek Teatri Komb\u00ebtar. Grafike nga cikli &#8220;Tienanmeni shqiptar dhe i munguari i madh&#8221; Kjo ide per kete grafike me lindi nga dy momente shume emocionuese te protestes dhe perplasjes per liri dhe demokraci tek Teatri Kombetar&#8230;.E para ishte nje foto e rralle e [&hellip;]<\/p>\n","protected":false},"author":2013,"featured_media":98490,"comment_status":"open","ping_status":"closed","sticky":false,"template":"","format":"standard","meta":{"footnotes":""},"categories":[241,235],"tags":[],"class_list":{"0":"post-98489","1":"post","2":"type-post","3":"status-publish","4":"format-standard","5":"has-post-thumbnail","7":"category-aktualitet","8":"category-vendi"},"_links":{"self":[{"href":"https:\/\/zjarr.tv\/sq\/wp-json\/wp\/v2\/posts\/98489","targetHints":{"allow":["GET"]}}],"collection":[{"href":"https:\/\/zjarr.tv\/sq\/wp-json\/wp\/v2\/posts"}],"about":[{"href":"https:\/\/zjarr.tv\/sq\/wp-json\/wp\/v2\/types\/post"}],"author":[{"embeddable":true,"href":"https:\/\/zjarr.tv\/sq\/wp-json\/wp\/v2\/users\/2013"}],"replies":[{"embeddable":true,"href":"https:\/\/zjarr.tv\/sq\/wp-json\/wp\/v2\/comments?post=98489"}],"version-history":[{"count":0,"href":"https:\/\/zjarr.tv\/sq\/wp-json\/wp\/v2\/posts\/98489\/revisions"}],"wp:featuredmedia":[{"embeddable":true,"href":"https:\/\/zjarr.tv\/sq\/wp-json\/wp\/v2\/media\/98490"}],"wp:attachment":[{"href":"https:\/\/zjarr.tv\/sq\/wp-json\/wp\/v2\/media?parent=98489"}],"wp:term":[{"taxonomy":"category","embeddable":true,"href":"https:\/\/zjarr.tv\/sq\/wp-json\/wp\/v2\/categories?post=98489"},{"taxonomy":"post_tag","embeddable":true,"href":"https:\/\/zjarr.tv\/sq\/wp-json\/wp\/v2\/tags?post=98489"}],"curies":[{"name":"wp","href":"https:\/\/api.w.org\/{rel}","templated":true}]}}