{"id":98492,"date":"2019-07-25T14:55:51","date_gmt":"2019-07-25T12:55:51","guid":{"rendered":"https:\/\/zjarr.tv\/?p=98492"},"modified":"2019-07-25T14:55:51","modified_gmt":"2019-07-25T12:55:51","slug":"aleanca-per-mbrojtjen-e-teatrit-kombetar-kerkon-takim-me-delegacionin-e-osbe","status":"publish","type":"post","link":"https:\/\/zjarr.tv\/sq\/aleanca-per-mbrojtjen-e-teatrit-kombetar-kerkon-takim-me-delegacionin-e-osbe\/","title":{"rendered":"Aleanca p\u00ebr mbrojtjen e Teatrit Komb\u00ebtar k\u00ebrkon takim me delegacionin e OSBE"},"content":{"rendered":"<p>&nbsp;<\/p>\n<p>Aleanca p\u00ebr mbrojtjen e Teatrit Komb\u00ebtar i ka d\u00ebrguar nj\u00eb let\u00ebr OSBE duke i k\u00ebrkuar nj\u00eb takim me delegacionin mbi vendimin e qeveris\u00eb p\u00ebr shembjen e teatrit.<\/p>\n<p>N\u00eb letr\u00ebn e drejtuar sekretarit t\u00eb p\u00ebrgjithsh\u00ebm t\u00eb OSBE, Thomas Greminger, Aleanca shkruan se \u00e7\u00ebshtja e Teatrit \u00ebsht\u00eb mish\u00ebrim i kriz\u00ebs politike n\u00eb Shqip\u00ebri.<\/p>\n<p>Nd\u00ebrsa theksohet se &#8216;reforma n\u00eb drejt\u00ebsi\u2019, i ka dh\u00ebn\u00eb mund\u00ebsi qeveris\u00eb t\u00eb pushtoj\u00eb \u00e7do pushtet vendimmarr\u00ebs n\u00eb Shqip\u00ebri.<\/p>\n<p>Gjithashtu shkruhet se lejimi i nj\u00eb gjendje t\u00eb till\u00eb do t\u00eb d\u00ebmtonte besimin e publikut shqiptar ndaj institucioneve nd\u00ebrkomb\u00ebtare.<\/p>\n<p><strong>Letra e plot\u00eb:<\/strong><\/p>\n<p><em>Ne, Aleanca p\u00ebr Mbrojtjen e Teatrit, nj\u00eb grup artist\u00ebsh dhe qytetar\u00ebsh q\u00eb jemi b\u00ebr\u00eb bashk\u00eb p\u00ebr t\u00eb mbrojtur nd\u00ebrtes\u00ebn e Teatrit Komb\u00ebtar, ju k\u00ebrkojn\u00eb n\u00eb m\u00ebnyr\u00eb miq\u00ebsore dhe do ishim shum\u00eb t\u00eb nderuar, t\u00eb takonim delegacionin tuaj gjat\u00eb vizit\u00ebs suaj k\u00ebtu. Nd\u00ebrkoh\u00eb q\u00eb n\u00eb syrin e publikut t\u00eb huaj \u00e7\u00ebshtja e Teatrit mund t\u00eb duket nj\u00eb problem i brendsh\u00ebm ne mund \u00a0t&#8217;ju garantojm\u00eb ju se \u00ebsht\u00eb fakt i qart\u00eb i mish\u00ebrimit t\u00eb kriz\u00ebs politike n\u00eb Shqip\u00ebri.<\/em><\/p>\n<p><em>Shpron\u00ebsimi i truallit publik dhe privat q\u00eb rrethon Teatrin Komb\u00ebtar \u00ebsht\u00eb b\u00ebr\u00eb i mundur nga nj\u00eb i ashtuquajtur ligj special.<\/em><\/p>\n<p><em>Gjith\u00e7ka q\u00eb vjen m\u00eb pas, nuk \u00ebsht\u00eb gj\u00eb tjet\u00ebr ve\u00e7 legalizimit t\u00eb vjedhjes, e b\u00ebr\u00eb e mundur fal\u00eb faktit q\u00eb Shqip\u00ebria nuk ka nj\u00eb Gjykat\u00eb Kushtetuese p\u00ebr t\u00eb pakt\u00ebn dy vjet.<\/em><\/p>\n<p><em>Mungesa e nj\u00eb Gjykate Kushtetuese, rezultat i t\u00eb ashtuquajtur\u00ebs \u2018reforma n\u00eb drejt\u00ebsi\u2019, i ka dh\u00ebn\u00eb mund\u00ebsi qeveris\u00eb t\u00eb pushtoj\u00eb \u00e7do pushtet vendimmarr\u00ebs n\u00eb Shqip\u00ebri.<\/em><\/p>\n<p><em>Nuk e ekzagjerojm\u00eb aspak kur themi se qeverisemi nga dekretet \u00a0dhe \u00e7do vendimmarrje, sado e r\u00ebnd\u00eb mund t\u00eb jet\u00eb, \u00ebsht\u00eb e lejueshme, p\u00ebr sa koh\u00eb q\u00eb qeveria e aprovon.<\/em><\/p>\n<ol>\n<li><em> Sekretar i P\u00ebrgjithsh\u00ebm,\u00a0Komuniteti nd\u00ebrkomb\u00ebtar i ka kushtuar shuma t\u00eb m\u00ebdha monetare dhe burime njer\u00ebzore p\u00ebr t\u00eb nd\u00ebrtuar nj\u00eb demokraci funksionale, shtet ligjor, ndarje t\u00eb pushteteve dhe balancave n\u00eb Shqip\u00ebri. Asnj\u00eb nga k\u00ebto nuk ekziston n\u00eb k\u00ebt\u00eb moment dhe Ekzekutivi, i kontrolluar personalisht nga kryeministri Rama, \u00ebsht\u00eb totalisht i shfrenuar, ashtu si\u00e7 tregon edhe \u00e7\u00ebshtja e Teatrit Komb\u00ebtar. Ne besojm\u00eb se do ishte nj\u00eb gabim fatal, gabim i cili do d\u00ebmtonte besimin e publikut shqiptar ndaj institucioneve nd\u00ebrkomb\u00ebtare, n\u00ebse nj\u00eb gjendje e till\u00eb do lejohet t\u00eb vazhdoj\u00eb.<\/em><\/li>\n<\/ol>\n<p><em>N\u00eb takimin ton\u00eb ne do donim t\u00eb diskutonim nj\u00eb rrug\u00ebzgjidhje t\u00eb mundshme p\u00ebr kriz\u00ebn dhe si rikthimi i shtetit ligjor do t\u00eb ndihmonte Teatrin Komb\u00ebtar si dhe t\u00eb gjith\u00eb vendin.<\/em><\/p>\n<p><em>\u00c7do informacion tjet\u00ebr teknik q\u00eb ju mund t\u2019ju duket i nevojsh\u00ebm lidhur me \u00e7\u00ebshtjen, mund t\u2019ju vihet n\u00eb dispozicion.<\/em><\/p>\n<p><em>Ne jemi n\u00eb pritje t\u00eb nj\u00eb takimi nga ju dhe Prania n\u00eb Shqip\u00ebri e OSBE.<\/em><\/p>\n<p><em>Sinqerisht,<\/em><\/p>\n<p><em>Aleanca p\u00ebr mbrojtje t\u00eb Teatrit Komb\u00ebtar<\/em><\/p>\n<p>&nbsp;<\/p>\n","protected":false},"excerpt":{"rendered":"<p>&nbsp; Aleanca p\u00ebr mbrojtjen e Teatrit Komb\u00ebtar i ka d\u00ebrguar nj\u00eb let\u00ebr OSBE duke i k\u00ebrkuar nj\u00eb takim me delegacionin mbi vendimin e qeveris\u00eb p\u00ebr shembjen e teatrit. N\u00eb letr\u00ebn e drejtuar sekretarit t\u00eb p\u00ebrgjithsh\u00ebm t\u00eb OSBE, Thomas Greminger, Aleanca shkruan se \u00e7\u00ebshtja e Teatrit \u00ebsht\u00eb mish\u00ebrim i kriz\u00ebs politike n\u00eb Shqip\u00ebri. Nd\u00ebrsa theksohet se [&hellip;]<\/p>\n","protected":false},"author":2013,"featured_media":79745,"comment_status":"open","ping_status":"closed","sticky":false,"template":"","format":"standard","meta":{"footnotes":""},"categories":[241,235],"tags":[],"class_list":{"0":"post-98492","1":"post","2":"type-post","3":"status-publish","4":"format-standard","5":"has-post-thumbnail","7":"category-aktualitet","8":"category-vendi"},"_links":{"self":[{"href":"https:\/\/zjarr.tv\/sq\/wp-json\/wp\/v2\/posts\/98492","targetHints":{"allow":["GET"]}}],"collection":[{"href":"https:\/\/zjarr.tv\/sq\/wp-json\/wp\/v2\/posts"}],"about":[{"href":"https:\/\/zjarr.tv\/sq\/wp-json\/wp\/v2\/types\/post"}],"author":[{"embeddable":true,"href":"https:\/\/zjarr.tv\/sq\/wp-json\/wp\/v2\/users\/2013"}],"replies":[{"embeddable":true,"href":"https:\/\/zjarr.tv\/sq\/wp-json\/wp\/v2\/comments?post=98492"}],"version-history":[{"count":0,"href":"https:\/\/zjarr.tv\/sq\/wp-json\/wp\/v2\/posts\/98492\/revisions"}],"wp:featuredmedia":[{"embeddable":true,"href":"https:\/\/zjarr.tv\/sq\/wp-json\/wp\/v2\/media\/79745"}],"wp:attachment":[{"href":"https:\/\/zjarr.tv\/sq\/wp-json\/wp\/v2\/media?parent=98492"}],"wp:term":[{"taxonomy":"category","embeddable":true,"href":"https:\/\/zjarr.tv\/sq\/wp-json\/wp\/v2\/categories?post=98492"},{"taxonomy":"post_tag","embeddable":true,"href":"https:\/\/zjarr.tv\/sq\/wp-json\/wp\/v2\/tags?post=98492"}],"curies":[{"name":"wp","href":"https:\/\/api.w.org\/{rel}","templated":true}]}}