{"id":98519,"date":"2019-07-25T15:43:04","date_gmt":"2019-07-25T13:43:04","guid":{"rendered":"https:\/\/zjarr.tv\/?p=98519"},"modified":"2019-07-25T15:43:04","modified_gmt":"2019-07-25T13:43:04","slug":"meta-takon-sekretarin-e-osbe-ndermjetesoni-dialog-gjithperfshires","status":"publish","type":"post","link":"https:\/\/zjarr.tv\/sq\/meta-takon-sekretarin-e-osbe-ndermjetesoni-dialog-gjithperfshires\/","title":{"rendered":"Meta takon Sekretarin e OSBE: Nd\u00ebrmjet\u00ebsoni dialog gjithp\u00ebrfshir\u00ebs"},"content":{"rendered":"<p>&nbsp;<\/p>\n<p>Presidenti i Republik\u00ebs, Ilir Meta priti sot n\u00eb takim Sekretarin e P\u00ebrgjithsh\u00ebm t\u00eb OSBE-s\u00eb, Z.Thomas Greminger.<br \/>\nPresidenti Meta e falenderoi p\u00ebr mb\u00ebshtetjen e dh\u00ebn\u00eb nga Sekretariati dhe nga vet\u00eb Sekretari i P\u00ebrgjithsh\u00ebm, p\u00ebr p\u00ebrgatitjet q\u00eb Shqip\u00ebria po b\u00ebn n\u00eb funksion t\u00eb marrjes s\u00eb Kryesis\u00eb s\u00eb Rradh\u00ebs s\u00eb OSBE-s\u00eb n\u00eb vitin 2020.<\/p>\n<p>\u201cKjo \u00ebsht\u00eb sip\u00ebrmarrje madhore, q\u00eb k\u00ebrkon angazhimin dhe bashk\u00ebpunimin e t\u00eb gjith\u00eb faktor\u00ebve politik\u00eb dhe institucional\u00eb n\u00eb vend\u201d, \u2013 theksoi Presidenti Meta.<\/p>\n<p>&nbsp;<\/p>\n<p>Pasi e informoi p\u00ebr thellimin e kriz\u00ebs s\u00eb gjithanshme, politike dhe institucionale q\u00eb po kalon vendi, Kreu i Shtetit i k\u00ebrkoi Sekretarit t\u00eb P\u00ebrgjithsh\u00ebm t\u00eb OSBE-s\u00eb nd\u00ebrmjet\u00ebsimin sa m\u00eb par\u00eb t\u00eb jet\u00eb e mundur midis pal\u00ebve politike n\u00eb vend p\u00ebr zgjidhjen e k\u00ebsaj krize.<\/p>\n<p>\u201cOSBE ka nj\u00eb r\u00ebnd\u00ebsi t\u00eb posa\u00e7me p\u00ebr sigurin\u00eb euro-atlantike dhe p\u00ebr Shqip\u00ebrin\u00eb n\u00eb ve\u00e7anti. \u00cbsht\u00eb organizata e par\u00eb shum\u00ebpal\u00ebshe n\u00eb t\u00eb cil\u00ebn Shqip\u00ebria aderoi pas r\u00ebnies s\u00eb komunizmit dhe q\u00eb ka dh\u00ebn\u00eb mb\u00ebshtetje t\u00eb vazhdueshme p\u00ebr forcimin e demokracis\u00eb dhe shtetit ligjor n\u00eb vendin ton\u00eb.<\/p>\n<p>P\u00ebr rivendosjen e funksionimit normal t\u00eb institucioneve demokratike dhe shmangien e p\u00ebrshkall\u00ebzimit t\u00eb m\u00ebtejsh\u00ebm t\u00eb situat\u00ebs mjaft kritike ku ndodhet vendi, \u00ebsht\u00eb n\u00eb interes t\u00eb kredibilitetit t\u00eb OSBE, t\u00eb angazhohet p\u00ebr tejkalimin e kriz\u00ebs s\u00eb r\u00ebnd\u00eb n\u00eb Shqip\u00ebri sa m\u00eb par\u00eb t\u00eb jet\u00eb e mundur.<\/p>\n<p>Ky angazhim do t\u00eb sh\u00ebrbej\u00eb si mund\u00ebsi tep\u00ebr e r\u00ebnd\u00ebsishme p\u00ebr rikthimin e vendit n\u00eb shinat e demokracis\u00eb dhe sundimit t\u00eb ligjit, por dhe konsolidimit t\u00eb lidershipit t\u00eb Shqip\u00ebris\u00eb si faktor stabiliteti n\u00eb rajon, gjat\u00eb marrjes s\u00eb Kryesis\u00eb s\u00eb Rradh\u00ebs s\u00eb OSBE, por edhe s\u00eb ardhmes europiane t\u00eb Shqip\u00ebris\u00eb, p\u00ebr m\u00eb tep\u00ebr kur presim q\u00eb n\u00eb 17-18 tetor K\u00ebshilli i Bashkimit Europian t\u00eb vendos\u00eb p\u00ebr \u00e7eljen e negociatave t\u00eb an\u00ebtar\u00ebsimit\u201d, \u2013 theksoi Presidenti Meta.<\/p>\n<p>\u201cPavar\u00ebsisht p\u00ebrpjekjeve t\u00eb vazhdueshme dhe konkrete q\u00eb kam nd\u00ebrmarr\u00eb deri tani p\u00ebr parandalimin e k\u00ebsaj situate, p\u00ebrpjekje q\u00eb jan\u00eb minuar nga aktor\u00eb t\u00eb ndrysh\u00ebm, jam edhe m\u00eb i bindur tani se rruga e vetme \u00ebsht\u00eb dialogu politik gjithp\u00ebrfshir\u00ebs dhe i sinqert\u00eb q\u00eb i jep zgjidhje t\u00eb plot\u00eb e p\u00ebrfundimtare k\u00ebsaj krize\u201d, \u2013 deklaroi Presidenti Meta.<\/p>\n<p>&nbsp;<\/p>\n","protected":false},"excerpt":{"rendered":"<p>&nbsp; Presidenti i Republik\u00ebs, Ilir Meta priti sot n\u00eb takim Sekretarin e P\u00ebrgjithsh\u00ebm t\u00eb OSBE-s\u00eb, Z.Thomas Greminger. Presidenti Meta e falenderoi p\u00ebr mb\u00ebshtetjen e dh\u00ebn\u00eb nga Sekretariati dhe nga vet\u00eb Sekretari i P\u00ebrgjithsh\u00ebm, p\u00ebr p\u00ebrgatitjet q\u00eb Shqip\u00ebria po b\u00ebn n\u00eb funksion t\u00eb marrjes s\u00eb Kryesis\u00eb s\u00eb Rradh\u00ebs s\u00eb OSBE-s\u00eb n\u00eb vitin 2020. \u201cKjo \u00ebsht\u00eb sip\u00ebrmarrje [&hellip;]<\/p>\n","protected":false},"author":2013,"featured_media":98555,"comment_status":"open","ping_status":"closed","sticky":false,"template":"","format":"standard","meta":{"footnotes":""},"categories":[241,235],"tags":[],"class_list":{"0":"post-98519","1":"post","2":"type-post","3":"status-publish","4":"format-standard","5":"has-post-thumbnail","7":"category-aktualitet","8":"category-vendi"},"_links":{"self":[{"href":"https:\/\/zjarr.tv\/sq\/wp-json\/wp\/v2\/posts\/98519","targetHints":{"allow":["GET"]}}],"collection":[{"href":"https:\/\/zjarr.tv\/sq\/wp-json\/wp\/v2\/posts"}],"about":[{"href":"https:\/\/zjarr.tv\/sq\/wp-json\/wp\/v2\/types\/post"}],"author":[{"embeddable":true,"href":"https:\/\/zjarr.tv\/sq\/wp-json\/wp\/v2\/users\/2013"}],"replies":[{"embeddable":true,"href":"https:\/\/zjarr.tv\/sq\/wp-json\/wp\/v2\/comments?post=98519"}],"version-history":[{"count":0,"href":"https:\/\/zjarr.tv\/sq\/wp-json\/wp\/v2\/posts\/98519\/revisions"}],"wp:featuredmedia":[{"embeddable":true,"href":"https:\/\/zjarr.tv\/sq\/wp-json\/wp\/v2\/media\/98555"}],"wp:attachment":[{"href":"https:\/\/zjarr.tv\/sq\/wp-json\/wp\/v2\/media?parent=98519"}],"wp:term":[{"taxonomy":"category","embeddable":true,"href":"https:\/\/zjarr.tv\/sq\/wp-json\/wp\/v2\/categories?post=98519"},{"taxonomy":"post_tag","embeddable":true,"href":"https:\/\/zjarr.tv\/sq\/wp-json\/wp\/v2\/tags?post=98519"}],"curies":[{"name":"wp","href":"https:\/\/api.w.org\/{rel}","templated":true}]}}