{"id":98543,"date":"2019-07-25T20:50:57","date_gmt":"2019-07-25T18:50:57","guid":{"rendered":"https:\/\/zjarr.tv\/?p=98543"},"modified":"2019-07-25T15:24:24","modified_gmt":"2019-07-25T13:24:24","slug":"britani-e-madhe-johnson-ben-gafe-qe-diten-e-pare-si-kryeminister","status":"publish","type":"post","link":"https:\/\/zjarr.tv\/sq\/britani-e-madhe-johnson-ben-gafe-qe-diten-e-pare-si-kryeminister\/","title":{"rendered":"Britani e Madhe\/ Johnson b\u00ebn gaf\u00eb q\u00eb dit\u00ebn e par\u00eb si kryeminist\u00ebr"},"content":{"rendered":"<p>&nbsp;<\/p>\n<p>Boris Johnson \u201cnuk p\u00ebrtoi\u201d t\u00eb b\u00ebnte nj\u00eb gaf\u00eb, q\u00eb dit\u00ebn e par\u00eb si kryeminist\u00ebr i Britanis\u00eb s\u00eb Madhe.<\/p>\n<p>I njohur gjer\u00ebsisht p\u00ebr gafat e tij, n\u00eb Dhom\u00ebn e P\u00ebrfaq\u00ebsuesve, banori m\u00eb i ri i 10 Downing Street zbuloi nj\u00eb shaka t\u00eb mbret\u00ebresh\u00ebs n\u00eb takimin solemn n\u00eb Buckingham Palace, ku u zyrtarizua detyra e tij.<\/p>\n<p>B\u00ebhet fjal\u00eb p\u00ebr nj\u00eb parregullsi t\u00eb vog\u00ebl, por q\u00eb p\u00ebrfaq\u00ebson gjithashtu nj\u00eb shkelje t\u00eb protokollit, sipas t\u00eb cilit p\u00ebrmbajtja e bisedimeve mes sovranit dhe kryeministrave mbetet gjithmon\u00eb sekret. Por, Johnson nuk e mbajti nj\u00eb sekret t\u00eb till\u00eb.<\/p>\n<p>Sipas medieve, mbret\u00ebresha Elizabeth II kishte b\u00ebr\u00eb shaka me Boris Johnsonin p\u00ebr \u00e7\u00ebshtjen e postit t\u00eb kryeministrit.<\/p>\n<p>\u201dPse t\u00eb gjith\u00eb duan t\u00eb b\u00ebhen kryeministra?\u201d, ishte shakaja e Madh\u00ebris\u00eb s\u00eb saj, shaka q\u00eb duhej t\u00eb mbahej gjithsesi sekret, por q\u00eb kryeministri britanik nuk e b\u00ebri nj\u00eb gj\u00eb t\u00eb till\u00eb.<\/p>\n<p>&nbsp;<\/p>\n","protected":false},"excerpt":{"rendered":"<p>&nbsp; Boris Johnson \u201cnuk p\u00ebrtoi\u201d t\u00eb b\u00ebnte nj\u00eb gaf\u00eb, q\u00eb dit\u00ebn e par\u00eb si kryeminist\u00ebr i Britanis\u00eb s\u00eb Madhe. I njohur gjer\u00ebsisht p\u00ebr gafat e tij, n\u00eb Dhom\u00ebn e P\u00ebrfaq\u00ebsuesve, banori m\u00eb i ri i 10 Downing Street zbuloi nj\u00eb shaka t\u00eb mbret\u00ebresh\u00ebs n\u00eb takimin solemn n\u00eb Buckingham Palace, ku u zyrtarizua detyra e tij. [&hellip;]<\/p>\n","protected":false},"author":2013,"featured_media":98544,"comment_status":"open","ping_status":"closed","sticky":false,"template":"","format":"standard","meta":{"footnotes":""},"categories":[241,191],"tags":[],"class_list":{"0":"post-98543","1":"post","2":"type-post","3":"status-publish","4":"format-standard","5":"has-post-thumbnail","7":"category-aktualitet","8":"category-bota"},"_links":{"self":[{"href":"https:\/\/zjarr.tv\/sq\/wp-json\/wp\/v2\/posts\/98543","targetHints":{"allow":["GET"]}}],"collection":[{"href":"https:\/\/zjarr.tv\/sq\/wp-json\/wp\/v2\/posts"}],"about":[{"href":"https:\/\/zjarr.tv\/sq\/wp-json\/wp\/v2\/types\/post"}],"author":[{"embeddable":true,"href":"https:\/\/zjarr.tv\/sq\/wp-json\/wp\/v2\/users\/2013"}],"replies":[{"embeddable":true,"href":"https:\/\/zjarr.tv\/sq\/wp-json\/wp\/v2\/comments?post=98543"}],"version-history":[{"count":0,"href":"https:\/\/zjarr.tv\/sq\/wp-json\/wp\/v2\/posts\/98543\/revisions"}],"wp:featuredmedia":[{"embeddable":true,"href":"https:\/\/zjarr.tv\/sq\/wp-json\/wp\/v2\/media\/98544"}],"wp:attachment":[{"href":"https:\/\/zjarr.tv\/sq\/wp-json\/wp\/v2\/media?parent=98543"}],"wp:term":[{"taxonomy":"category","embeddable":true,"href":"https:\/\/zjarr.tv\/sq\/wp-json\/wp\/v2\/categories?post=98543"},{"taxonomy":"post_tag","embeddable":true,"href":"https:\/\/zjarr.tv\/sq\/wp-json\/wp\/v2\/tags?post=98543"}],"curies":[{"name":"wp","href":"https:\/\/api.w.org\/{rel}","templated":true}]}}