{"id":98546,"date":"2019-07-25T21:00:42","date_gmt":"2019-07-25T19:00:42","guid":{"rendered":"https:\/\/zjarr.tv\/?p=98546"},"modified":"2019-07-25T15:26:05","modified_gmt":"2019-07-25T13:26:05","slug":"belgjika-regjistron-rekord-te-temperaturave","status":"publish","type":"post","link":"https:\/\/zjarr.tv\/sq\/belgjika-regjistron-rekord-te-temperaturave\/","title":{"rendered":"Belgjika regjistron rekord t\u00eb temperaturave"},"content":{"rendered":"<p>&nbsp;<\/p>\n<p>N\u00eb Belgjik\u00eb \u00ebsht\u00eb sh\u00ebnuar rekord i ri i temperatures dit\u00ebn e m\u00ebrkur\u00eb, teksa e gjith\u00eb Evropa Per\u00ebndimore \u00ebsht\u00eb duke u p\u00ebrballur me mot t\u00eb nxeht\u00eb. Qyteti, Kleine Brogel n\u00eb provinc\u00ebn Limburg ka sh\u00ebnuar 38.9 grad\u00eb Celsius, duke thyer rekordin paraprak t\u00eb regjistruar m\u00eb 1947.<\/p>\n<p>Nj\u00eb tren \u00ebsht\u00eb prishur si pasoj\u00eb e nxeht\u00ebsis\u00eb ekstreme, duke bllokuar me or\u00eb t\u00eb t\u00ebra udh\u00ebtar\u00ebt. Temperatura rekorde kan\u00eb qen\u00eb gati p\u00ebr t\u2019u regjistruar edhe n\u00eb Holand\u00eb, nd\u00ebrkoh\u00eb q\u00eb n\u00eb Franc\u00eb, pes\u00eb vdekje mund t\u00eb jen\u00eb t\u00eb lidhura me val\u00ebn e t\u00eb nxehtit. Temperatura m\u00eb e lart\u00eb e regjistruar n\u00eb Paris, 40.4, grad\u00eb Celsius m\u00eb 1947, pritet t\u00eb tejkalohet dit\u00ebn e enjte.<\/p>\n<p>Luksemburgu po ashtu \u00ebsht\u00eb n\u00ebn alam t\u00eb kuq n\u00eb jug t\u00eb shtetit dhe kryeqytet, pasi temperaturat pritet t\u00eb arrijn\u00eb n\u00eb 40 grad\u00eb Celsius t\u00eb m\u00ebrkur\u00ebn dhe potencialisht 42 grad\u00eb Celsisus t\u00eb enjten.<\/p>\n<p>Muajin e kaluar, Franca ka sh\u00ebnuar temperatur\u00ebn m\u00eb t\u00eb lart\u00eb ndonj\u00ebher\u00eb, 46 grad\u00eb Celsius, derisa rekord t\u00eb temperaturave jan\u00eb regjistruar edhe n\u00eb Republik\u00ebn \u00c7eke, Sllovaki, Austri, Andora, Luksemburg, Poloni dhe Gjermani.<\/p>\n<p>&nbsp;<\/p>\n","protected":false},"excerpt":{"rendered":"<p>&nbsp; N\u00eb Belgjik\u00eb \u00ebsht\u00eb sh\u00ebnuar rekord i ri i temperatures dit\u00ebn e m\u00ebrkur\u00eb, teksa e gjith\u00eb Evropa Per\u00ebndimore \u00ebsht\u00eb duke u p\u00ebrballur me mot t\u00eb nxeht\u00eb. Qyteti, Kleine Brogel n\u00eb provinc\u00ebn Limburg ka sh\u00ebnuar 38.9 grad\u00eb Celsius, duke thyer rekordin paraprak t\u00eb regjistruar m\u00eb 1947. Nj\u00eb tren \u00ebsht\u00eb prishur si pasoj\u00eb e nxeht\u00ebsis\u00eb ekstreme, duke [&hellip;]<\/p>\n","protected":false},"author":2013,"featured_media":98547,"comment_status":"open","ping_status":"closed","sticky":false,"template":"","format":"standard","meta":{"footnotes":""},"categories":[241,191],"tags":[],"class_list":{"0":"post-98546","1":"post","2":"type-post","3":"status-publish","4":"format-standard","5":"has-post-thumbnail","7":"category-aktualitet","8":"category-bota"},"_links":{"self":[{"href":"https:\/\/zjarr.tv\/sq\/wp-json\/wp\/v2\/posts\/98546","targetHints":{"allow":["GET"]}}],"collection":[{"href":"https:\/\/zjarr.tv\/sq\/wp-json\/wp\/v2\/posts"}],"about":[{"href":"https:\/\/zjarr.tv\/sq\/wp-json\/wp\/v2\/types\/post"}],"author":[{"embeddable":true,"href":"https:\/\/zjarr.tv\/sq\/wp-json\/wp\/v2\/users\/2013"}],"replies":[{"embeddable":true,"href":"https:\/\/zjarr.tv\/sq\/wp-json\/wp\/v2\/comments?post=98546"}],"version-history":[{"count":0,"href":"https:\/\/zjarr.tv\/sq\/wp-json\/wp\/v2\/posts\/98546\/revisions"}],"wp:featuredmedia":[{"embeddable":true,"href":"https:\/\/zjarr.tv\/sq\/wp-json\/wp\/v2\/media\/98547"}],"wp:attachment":[{"href":"https:\/\/zjarr.tv\/sq\/wp-json\/wp\/v2\/media?parent=98546"}],"wp:term":[{"taxonomy":"category","embeddable":true,"href":"https:\/\/zjarr.tv\/sq\/wp-json\/wp\/v2\/categories?post=98546"},{"taxonomy":"post_tag","embeddable":true,"href":"https:\/\/zjarr.tv\/sq\/wp-json\/wp\/v2\/tags?post=98546"}],"curies":[{"name":"wp","href":"https:\/\/api.w.org\/{rel}","templated":true}]}}