{"id":98549,"date":"2019-07-25T21:10:55","date_gmt":"2019-07-25T19:10:55","guid":{"rendered":"https:\/\/zjarr.tv\/?p=98549"},"modified":"2019-07-25T15:27:35","modified_gmt":"2019-07-25T13:27:35","slug":"nderron-jete-presidenti-i-tunizise","status":"publish","type":"post","link":"https:\/\/zjarr.tv\/sq\/nderron-jete-presidenti-i-tunizise\/","title":{"rendered":"Nd\u00ebrron jet\u00eb presidenti i Tunizis\u00eb"},"content":{"rendered":"<p>&nbsp;<\/p>\n<p>Ka vdekur presidenti 92 vje\u00e7ar i Tunizis\u00eb, Beji Caid Essebsi, pasi ishte d\u00ebrguar n\u00eb nj\u00eb spital ushtarak t\u00eb m\u00ebrkur\u00ebn.<\/p>\n<p>Ai ka qen\u00eb nj\u00eb figur\u00eb e r\u00ebnd\u00ebsishme e tranzicionit t\u00eb k\u00ebtij vendi t\u00eb Afrik\u00ebs Veriore, drejt demokracis\u00eb pas nj\u00eb revolucioni t\u00eb vitit 2011.<\/p>\n<p>\u201cT\u00eb enjten n\u00eb m\u00ebngjes Presidenti i Republik\u00ebs vdiq n\u00eb spitalin ushtarak n\u00eb Tunizi. Ceremonia e varrimit do t\u00eb shpallet m\u00eb von\u00eb\u201d, tha presidenca p\u00ebrmes nj\u00eb deklarate.<\/p>\n<p>Sipas kushtetut\u00ebs, kryetari i parlamentit p\u00ebrkoh\u00ebsisht do t\u00eb sh\u00ebrbej\u00eb si president.<\/p>\n<p>Essebsi ka qen\u00eb nj\u00eb figur\u00eb e shquar n\u00eb Tunizi q\u00eb nga p\u00ebrmbysja e autokratit veteran, Zine El-Abidine Ben Ali, n\u00eb vitin 2011, kur ndodhen kryengritjet kund\u00ebr udh\u00ebheq\u00ebsve autoritar\u00eb, n\u00eb t\u00eb gjith\u00eb Lindjen e Mesme, p\u00ebrfshir\u00eb Libin\u00eb dhe Egjiptin.<\/p>\n<p>Zgjedhjet parlamentare pritet t\u00eb mbahen m\u00eb 6 tetor, nd\u00ebrkaq ato presidenciale m\u00eb 17 n\u00ebntor.<\/p>\n<p>&nbsp;<\/p>\n","protected":false},"excerpt":{"rendered":"<p>&nbsp; Ka vdekur presidenti 92 vje\u00e7ar i Tunizis\u00eb, Beji Caid Essebsi, pasi ishte d\u00ebrguar n\u00eb nj\u00eb spital ushtarak t\u00eb m\u00ebrkur\u00ebn. Ai ka qen\u00eb nj\u00eb figur\u00eb e r\u00ebnd\u00ebsishme e tranzicionit t\u00eb k\u00ebtij vendi t\u00eb Afrik\u00ebs Veriore, drejt demokracis\u00eb pas nj\u00eb revolucioni t\u00eb vitit 2011. \u201cT\u00eb enjten n\u00eb m\u00ebngjes Presidenti i Republik\u00ebs vdiq n\u00eb spitalin ushtarak n\u00eb [&hellip;]<\/p>\n","protected":false},"author":2013,"featured_media":98550,"comment_status":"open","ping_status":"closed","sticky":false,"template":"","format":"standard","meta":{"footnotes":""},"categories":[241,191],"tags":[],"class_list":{"0":"post-98549","1":"post","2":"type-post","3":"status-publish","4":"format-standard","5":"has-post-thumbnail","7":"category-aktualitet","8":"category-bota"},"_links":{"self":[{"href":"https:\/\/zjarr.tv\/sq\/wp-json\/wp\/v2\/posts\/98549","targetHints":{"allow":["GET"]}}],"collection":[{"href":"https:\/\/zjarr.tv\/sq\/wp-json\/wp\/v2\/posts"}],"about":[{"href":"https:\/\/zjarr.tv\/sq\/wp-json\/wp\/v2\/types\/post"}],"author":[{"embeddable":true,"href":"https:\/\/zjarr.tv\/sq\/wp-json\/wp\/v2\/users\/2013"}],"replies":[{"embeddable":true,"href":"https:\/\/zjarr.tv\/sq\/wp-json\/wp\/v2\/comments?post=98549"}],"version-history":[{"count":0,"href":"https:\/\/zjarr.tv\/sq\/wp-json\/wp\/v2\/posts\/98549\/revisions"}],"wp:featuredmedia":[{"embeddable":true,"href":"https:\/\/zjarr.tv\/sq\/wp-json\/wp\/v2\/media\/98550"}],"wp:attachment":[{"href":"https:\/\/zjarr.tv\/sq\/wp-json\/wp\/v2\/media?parent=98549"}],"wp:term":[{"taxonomy":"category","embeddable":true,"href":"https:\/\/zjarr.tv\/sq\/wp-json\/wp\/v2\/categories?post=98549"},{"taxonomy":"post_tag","embeddable":true,"href":"https:\/\/zjarr.tv\/sq\/wp-json\/wp\/v2\/tags?post=98549"}],"curies":[{"name":"wp","href":"https:\/\/api.w.org\/{rel}","templated":true}]}}