{"id":98552,"date":"2019-07-25T21:20:12","date_gmt":"2019-07-25T19:20:12","guid":{"rendered":"https:\/\/zjarr.tv\/?p=98552"},"modified":"2019-07-25T15:41:39","modified_gmt":"2019-07-25T13:41:39","slug":"renditja-e-fifa-s-shqiperia-fiton-2-pozicione-ndryshon-podiumi","status":"publish","type":"post","link":"https:\/\/zjarr.tv\/sq\/renditja-e-fifa-s-shqiperia-fiton-2-pozicione-ndryshon-podiumi\/","title":{"rendered":"Renditja e FIFA-s, Shqip\u00ebria fiton 2 pozicione, ndryshon podiumi"},"content":{"rendered":"<p>&nbsp;<\/p>\n<p>Komb\u00ebtarja shqiptare ndryshoi timonier p\u00ebr t\u00eb ndryshuar kursin e nj\u00eb viti q\u00eb n\u00ebn drejtimin e C.Panuccit njohu vet\u00ebm rekorde negative. Ulja e Edi Rejas n\u00eb stol solli qet\u00ebsi dhe mbi t\u00eb gjitha besim se kuqezinjt\u00eb mund t\u00eb ecin s\u00ebrish p\u00ebrpara. Pavar\u00ebsisht se Komb\u00ebtarja ka q\u00ebndruar pushim fill pas sfid\u00ebs kund\u00ebr Moldavis\u00eb, ekipi kuqezi ka njohur p\u00ebrmir\u00ebsim n\u00eb p\u00ebrdit\u00ebsimin e fundit t\u00eb b\u00ebr\u00eb nga FIFA n\u00eb renditjen e p\u00ebrgjithshme t\u00eb ekipeve Komb\u00ebtare.<\/p>\n<p>Me 1362 pik\u00eb, Shqip\u00ebria renditet n\u00eb vendin e 64-\u00ebt duke fituar n\u00eb k\u00ebt\u00eb m\u00ebnyr\u00eb 2 pozicione. Dy rival\u00ebt n\u00eb grupin ton\u00eb, Islanda dhe Turqia renditen p\u00ebrkat\u00ebsisht n\u00eb vendin e 36 dhe t\u00eb 37-t\u00eb nd\u00ebrsa Moldavia dhe Andorra renditen pas Shqip\u00ebris\u00eb.<\/p>\n<p>Franca mbetet favoriti absolut n\u00eb grupin H por \u201cgjelat\u201d e Deschamps kan\u00eb p\u00ebsuar r\u00ebnie n\u00eb tabel\u00ebn e klasifikimit duke humbur nj\u00eb pozicion. Kampion\u00ebt e Bot\u00ebs renditen n\u00eb vendin e 3-t\u00eb me 1718 pik\u00eb, n\u00eb vendin e dyt\u00eb renditet Brazili nd\u00ebrsa n\u00eb krye vijon t\u00eb q\u00ebndroj Belgjika.<\/p>\n<p>Rritje me nj\u00eb pozicion ka p\u00ebsuar Kosova duke u renditur n\u00eb vendin e 120.<\/p>\n<p>&nbsp;<\/p>\n","protected":false},"excerpt":{"rendered":"<p>&nbsp; Komb\u00ebtarja shqiptare ndryshoi timonier p\u00ebr t\u00eb ndryshuar kursin e nj\u00eb viti q\u00eb n\u00ebn drejtimin e C.Panuccit njohu vet\u00ebm rekorde negative. Ulja e Edi Rejas n\u00eb stol solli qet\u00ebsi dhe mbi t\u00eb gjitha besim se kuqezinjt\u00eb mund t\u00eb ecin s\u00ebrish p\u00ebrpara. Pavar\u00ebsisht se Komb\u00ebtarja ka q\u00ebndruar pushim fill pas sfid\u00ebs kund\u00ebr Moldavis\u00eb, ekipi kuqezi ka [&hellip;]<\/p>\n","protected":false},"author":2013,"featured_media":98553,"comment_status":"open","ping_status":"closed","sticky":false,"template":"","format":"standard","meta":{"footnotes":""},"categories":[241,192],"tags":[],"class_list":{"0":"post-98552","1":"post","2":"type-post","3":"status-publish","4":"format-standard","5":"has-post-thumbnail","7":"category-aktualitet","8":"category-sport"},"_links":{"self":[{"href":"https:\/\/zjarr.tv\/sq\/wp-json\/wp\/v2\/posts\/98552","targetHints":{"allow":["GET"]}}],"collection":[{"href":"https:\/\/zjarr.tv\/sq\/wp-json\/wp\/v2\/posts"}],"about":[{"href":"https:\/\/zjarr.tv\/sq\/wp-json\/wp\/v2\/types\/post"}],"author":[{"embeddable":true,"href":"https:\/\/zjarr.tv\/sq\/wp-json\/wp\/v2\/users\/2013"}],"replies":[{"embeddable":true,"href":"https:\/\/zjarr.tv\/sq\/wp-json\/wp\/v2\/comments?post=98552"}],"version-history":[{"count":0,"href":"https:\/\/zjarr.tv\/sq\/wp-json\/wp\/v2\/posts\/98552\/revisions"}],"wp:featuredmedia":[{"embeddable":true,"href":"https:\/\/zjarr.tv\/sq\/wp-json\/wp\/v2\/media\/98553"}],"wp:attachment":[{"href":"https:\/\/zjarr.tv\/sq\/wp-json\/wp\/v2\/media?parent=98552"}],"wp:term":[{"taxonomy":"category","embeddable":true,"href":"https:\/\/zjarr.tv\/sq\/wp-json\/wp\/v2\/categories?post=98552"},{"taxonomy":"post_tag","embeddable":true,"href":"https:\/\/zjarr.tv\/sq\/wp-json\/wp\/v2\/tags?post=98552"}],"curies":[{"name":"wp","href":"https:\/\/api.w.org\/{rel}","templated":true}]}}