{"id":98557,"date":"2019-07-25T15:44:33","date_gmt":"2019-07-25T13:44:33","guid":{"rendered":"https:\/\/zjarr.tv\/?p=98557"},"modified":"2019-07-25T15:44:33","modified_gmt":"2019-07-25T13:44:33","slug":"kundershtojne-punonjesit-e-policisene-pranga-2-persona-ne-sarande","status":"publish","type":"post","link":"https:\/\/zjarr.tv\/sq\/kundershtojne-punonjesit-e-policisene-pranga-2-persona-ne-sarande\/","title":{"rendered":"Kund\u00ebrshtojn\u00eb punonj\u00ebsit e policis\u00eb,n\u00eb pranga 2 persona n\u00eb Sarand\u00eb"},"content":{"rendered":"<p>&nbsp;<\/p>\n<p>Policia e Sarand\u00ebs ka arrestuar 2 persona, pasi akuzohen p\u00ebr kund\u00ebrshtim t\u00eb punonj\u00ebsve policor\u00eb.<\/p>\n<p>N\u00eb pranga kan\u00eb p\u00ebrfunduar shtetasit I.D dhe Dh.\u00c7 p\u00ebrkat\u00ebsisht 18 dhe 58 vje\u00e7.<\/p>\n<p>Njoftimi i policis\u00eb:<\/p>\n<p>Sarand\u00eb<\/p>\n<p>Policia ka arrestuar n\u00eb flagranc\u00eb shtetasit:<\/p>\n<p>D., 18 vje\u00e7, banues n\u00eb Himar\u00eb.<\/p>\n<p>Dh. \u00c7., 58 vje\u00e7, banues n\u00eb Sarand\u00eb.<\/p>\n<p>Policia e Sarand\u00ebs ka b\u00ebr\u00eb kapjen dhe arrestimin e tyre pasi m\u00eb dat\u00eb 24.07.2019, n\u00eb nj\u00eb lokal t\u00eb lagjes nr.1 Sarand\u00eb, kan\u00eb kund\u00ebrshtuar me dhun\u00eb p\u00ebr shkak t\u00eb detyr\u00ebs punonj\u00ebsit e policis\u00eb s\u00eb rendit.<\/p>\n<p>Materialet iu referuan Prokuroris\u00eb n\u00eb ngarkim t\u00eb tyre p\u00ebr veprat penale \u201cKund\u00ebrshtimi i punonj\u00ebsit t\u00eb policis\u00eb ose rendit publik\u201d dhe \u201cGoditja p\u00ebr shkak t\u00eb detyr\u00ebs\u201d.<\/p>\n<p>&nbsp;<\/p>\n","protected":false},"excerpt":{"rendered":"<p>&nbsp; Policia e Sarand\u00ebs ka arrestuar 2 persona, pasi akuzohen p\u00ebr kund\u00ebrshtim t\u00eb punonj\u00ebsve policor\u00eb. N\u00eb pranga kan\u00eb p\u00ebrfunduar shtetasit I.D dhe Dh.\u00c7 p\u00ebrkat\u00ebsisht 18 dhe 58 vje\u00e7. Njoftimi i policis\u00eb: Sarand\u00eb Policia ka arrestuar n\u00eb flagranc\u00eb shtetasit: D., 18 vje\u00e7, banues n\u00eb Himar\u00eb. Dh. \u00c7., 58 vje\u00e7, banues n\u00eb Sarand\u00eb. Policia e Sarand\u00ebs ka [&hellip;]<\/p>\n","protected":false},"author":2013,"featured_media":98558,"comment_status":"open","ping_status":"closed","sticky":false,"template":"","format":"standard","meta":{"footnotes":""},"categories":[241,235],"tags":[],"class_list":{"0":"post-98557","1":"post","2":"type-post","3":"status-publish","4":"format-standard","5":"has-post-thumbnail","7":"category-aktualitet","8":"category-vendi"},"_links":{"self":[{"href":"https:\/\/zjarr.tv\/sq\/wp-json\/wp\/v2\/posts\/98557","targetHints":{"allow":["GET"]}}],"collection":[{"href":"https:\/\/zjarr.tv\/sq\/wp-json\/wp\/v2\/posts"}],"about":[{"href":"https:\/\/zjarr.tv\/sq\/wp-json\/wp\/v2\/types\/post"}],"author":[{"embeddable":true,"href":"https:\/\/zjarr.tv\/sq\/wp-json\/wp\/v2\/users\/2013"}],"replies":[{"embeddable":true,"href":"https:\/\/zjarr.tv\/sq\/wp-json\/wp\/v2\/comments?post=98557"}],"version-history":[{"count":0,"href":"https:\/\/zjarr.tv\/sq\/wp-json\/wp\/v2\/posts\/98557\/revisions"}],"wp:featuredmedia":[{"embeddable":true,"href":"https:\/\/zjarr.tv\/sq\/wp-json\/wp\/v2\/media\/98558"}],"wp:attachment":[{"href":"https:\/\/zjarr.tv\/sq\/wp-json\/wp\/v2\/media?parent=98557"}],"wp:term":[{"taxonomy":"category","embeddable":true,"href":"https:\/\/zjarr.tv\/sq\/wp-json\/wp\/v2\/categories?post=98557"},{"taxonomy":"post_tag","embeddable":true,"href":"https:\/\/zjarr.tv\/sq\/wp-json\/wp\/v2\/tags?post=98557"}],"curies":[{"name":"wp","href":"https:\/\/api.w.org\/{rel}","templated":true}]}}