{"id":98560,"date":"2019-07-25T15:46:27","date_gmt":"2019-07-25T13:46:27","guid":{"rendered":"https:\/\/zjarr.tv\/?p=98560"},"modified":"2019-07-25T15:46:27","modified_gmt":"2019-07-25T13:46:27","slug":"veliaj-minoranca-nuk-do-ta-pengoje-ndertimin-e-teatrit-te-ri","status":"publish","type":"post","link":"https:\/\/zjarr.tv\/sq\/veliaj-minoranca-nuk-do-ta-pengoje-ndertimin-e-teatrit-te-ri\/","title":{"rendered":"Veliaj: Minoranca nuk do ta pengoj\u00eb nd\u00ebrtimin e Teatrit t\u00eb ri"},"content":{"rendered":"<p>&nbsp;<\/p>\n<p>N\u00eb kulmin e q\u00ebndres\u00ebs s\u00eb aktor\u00ebve dhe qytetar\u00ebve p\u00ebr mbrojtjen e godin\u00ebs s\u00eb Teatrit Komb\u00ebtar, kryebashkiaku Erion Veliaj ka deklaruar se ajo q\u00eb quan minoranc\u00eb nuk do ta pengoj\u00eb nd\u00ebrtimin e teatrit t\u00eb ri.<\/p>\n<p>Nga Denveri i SHBA, ku mori pjes\u00eb n\u00eb konferenc\u00ebn vjetore me tem\u00eb &#8220;Qytete q\u00eb rriten me gjelb\u00ebrim\u201d, Veliaj hoqi paralel edhe me kund\u00ebrshtit\u00eb ndaj projekteve t\u00eb tjera por q\u00eb Tirana tha ai do ec\u00eb p\u00ebrpara.<\/p>\n<p><strong>Erion Veliaj:\u00a0<\/strong><em>&#8220;N\u00eb Tiran\u00eb ndryshimi do t\u00eb vij\u00eb edhe p\u00ebr \u00e7\u00ebshtje shum\u00eb t\u00eb debatueshme, si zgjatimi i Lan\u00ebs, Unaza e Madhe, Teatri i Ri Komb\u00ebtar, por jan\u00eb ndryshime absolutisht t\u00eb nevojshme dhe t\u00eb pakontestueshme. Pra, nuk mundet q\u00eb qyteti t\u00eb mbahet peng prej disa minorancave q\u00eb do ekzistojn\u00eb gjithmon\u00eb, dhe gjithmon\u00eb nuk do t\u00eb bien dakord. M\u00eb vjen mir\u00eb se si Tirana, n\u00eb aktivitetin m\u00eb t\u00eb madh t\u00eb bashkive n\u00eb SHBA, \u00ebsht\u00eb sot imazhi i nj\u00eb Shqip\u00ebrie moderne, i nj\u00eb Shqip\u00ebrie q\u00eb po ndryshon, q\u00eb ka plot probleme, por q\u00eb m\u00eb e mira \u00ebsht\u00eb p\u00ebrpara.&#8221;<\/em><\/p>\n<p>Duke u ndaluar n\u00eb mandatin e dyt\u00eb n\u00eb krye t\u00eb bashkis\u00eb Veliaj tha se shtimi i hap\u00ebsirave publike do t\u00eb jet\u00eb fokusi i pun\u00ebs.<\/p>\n<p><strong>Erion Veliaj:\u00a0<\/strong><em>&#8220;N\u00ebse do t\u00eb kishte nj\u00eb refren ose nj\u00eb etiket\u00eb p\u00ebr 4 vitet e ardhshme t\u00eb Bashkis\u00eb s\u00eb Tiran\u00ebs, do t\u00eb ishin 4 vitet e hap\u00ebsirave t\u00eb gjelb\u00ebrta, parqeve dhe t\u00eb k\u00ebndeve t\u00eb lodrave. Kemi par\u00eb se si vlera e pron\u00ebs \u00ebsht\u00eb rritur aty ku ka nj\u00eb park. Kemi par\u00eb se si ekonomia \u00ebsht\u00eb zhvilluar, jan\u00eb krijuar m\u00eb shum\u00eb vende pune, dhe do t\u00eb doja shum\u00eb q\u00eb reputacioni i Tiran\u00ebs t\u00eb ishte rreth parqeve\u201d<\/em><\/p>\n<p>N\u00eb k\u00ebt\u00eb Kongres mor\u00ebn pjes\u00eb mbi 1.000 kryetar\u00eb bashkish dhe menaxher\u00eb qytetesh nga 200 bashki t\u00eb Shteteve t\u00eb Bashkuara t\u00eb Amerik\u00ebs dhe t\u00eb Kanadas\u00eb.<\/p>\n<p>&nbsp;<\/p>\n","protected":false},"excerpt":{"rendered":"<p>&nbsp; N\u00eb kulmin e q\u00ebndres\u00ebs s\u00eb aktor\u00ebve dhe qytetar\u00ebve p\u00ebr mbrojtjen e godin\u00ebs s\u00eb Teatrit Komb\u00ebtar, kryebashkiaku Erion Veliaj ka deklaruar se ajo q\u00eb quan minoranc\u00eb nuk do ta pengoj\u00eb nd\u00ebrtimin e teatrit t\u00eb ri. Nga Denveri i SHBA, ku mori pjes\u00eb n\u00eb konferenc\u00ebn vjetore me tem\u00eb &#8220;Qytete q\u00eb rriten me gjelb\u00ebrim\u201d, Veliaj hoqi paralel [&hellip;]<\/p>\n","protected":false},"author":2013,"featured_media":88948,"comment_status":"open","ping_status":"closed","sticky":false,"template":"","format":"standard","meta":{"footnotes":""},"categories":[241,235],"tags":[],"class_list":{"0":"post-98560","1":"post","2":"type-post","3":"status-publish","4":"format-standard","5":"has-post-thumbnail","7":"category-aktualitet","8":"category-vendi"},"_links":{"self":[{"href":"https:\/\/zjarr.tv\/sq\/wp-json\/wp\/v2\/posts\/98560","targetHints":{"allow":["GET"]}}],"collection":[{"href":"https:\/\/zjarr.tv\/sq\/wp-json\/wp\/v2\/posts"}],"about":[{"href":"https:\/\/zjarr.tv\/sq\/wp-json\/wp\/v2\/types\/post"}],"author":[{"embeddable":true,"href":"https:\/\/zjarr.tv\/sq\/wp-json\/wp\/v2\/users\/2013"}],"replies":[{"embeddable":true,"href":"https:\/\/zjarr.tv\/sq\/wp-json\/wp\/v2\/comments?post=98560"}],"version-history":[{"count":0,"href":"https:\/\/zjarr.tv\/sq\/wp-json\/wp\/v2\/posts\/98560\/revisions"}],"wp:featuredmedia":[{"embeddable":true,"href":"https:\/\/zjarr.tv\/sq\/wp-json\/wp\/v2\/media\/88948"}],"wp:attachment":[{"href":"https:\/\/zjarr.tv\/sq\/wp-json\/wp\/v2\/media?parent=98560"}],"wp:term":[{"taxonomy":"category","embeddable":true,"href":"https:\/\/zjarr.tv\/sq\/wp-json\/wp\/v2\/categories?post=98560"},{"taxonomy":"post_tag","embeddable":true,"href":"https:\/\/zjarr.tv\/sq\/wp-json\/wp\/v2\/tags?post=98560"}],"curies":[{"name":"wp","href":"https:\/\/api.w.org\/{rel}","templated":true}]}}