{"id":98584,"date":"2019-07-25T22:21:31","date_gmt":"2019-07-25T20:21:31","guid":{"rendered":"https:\/\/zjarr.tv\/?p=98584"},"modified":"2019-07-25T16:22:11","modified_gmt":"2019-07-25T14:22:11","slug":"be-ja-e-alarmuar-me-ndotjen-e-ajrit-ne-bullgari-dhe-spanje","status":"publish","type":"post","link":"https:\/\/zjarr.tv\/sq\/be-ja-e-alarmuar-me-ndotjen-e-ajrit-ne-bullgari-dhe-spanje\/","title":{"rendered":"BE-ja e alarmuar me ndotjen e ajrit n\u00eb Bullgari dhe Spanj\u00eb"},"content":{"rendered":"<p>&nbsp;<\/p>\n<p>Komisioni Evropian i k\u00ebrkoi Gjykat\u00ebs Evropiane t\u00eb nd\u00ebrmarr\u00eb veprime kund\u00ebr Spanj\u00ebs dhe Bullgaris\u00eb, p\u00ebr shkak t\u00eb cil\u00ebsis\u00eb s\u00eb tyre t\u00eb dob\u00ebt t\u00eb ajrit, duke th\u00ebn\u00eb se k\u00ebto vende kan\u00eb d\u00ebshtuar t\u00eb mbrojn\u00eb qytetar\u00ebt nga ndotja.<\/p>\n<p>Spanja tejkalon kufijt\u00eb e dioksidit t\u00eb azotit, ve\u00e7an\u00ebrisht n\u00eb dy qytetet e m\u00ebdha: Madrid dhe Barcelon\u00eb, ku nivelet ligjore jan\u00eb tejkaluar vazhdimisht, thuhet n\u00eb vendimin e Komisionit Evropian.<\/p>\n<p>\u201cT\u00eb dh\u00ebnat m\u00eb t\u00eb reja t\u00eb cil\u00ebsis\u00eb s\u00eb ajrit t\u00eb ofruara nga Spanja, konfirmojn\u00eb shkeljen sistematike t\u00eb rregullave t\u00eb BE-s\u00eb mbi vlerat e dioksidit t\u00eb azotit, t\u00eb cilat kan\u00eb qen\u00eb ligj\u00ebrisht t\u00eb detyrueshme q\u00eb nga viti 2010\u201d, tha Komisioni, duke e referuar tashm\u00eb \u00e7\u00ebshtjen n\u00eb Gjykat\u00ebn Evropiane t\u00eb Drejt\u00ebsis\u00eb.<\/p>\n<p>Dioksidi i azotit shkakton rreth 9.000 vdekje t\u00eb parakohshme \u00e7do vit n\u00eb Spanj\u00eb, sipas Agjencis\u00eb Evropiane t\u00eb Mjedisit. N\u00eb Bullgari, t\u00eb dh\u00ebnat treguan se vendi ishte duke tejkaluar nivelet e dioksidit t\u00eb sulfurit. Ekzekutivi i BE-s\u00eb, gjithashtu i k\u00ebrkoi Kroacis\u00eb dhe Rumanis\u00eb t\u00eb adresojn\u00eb d\u00ebshtimet n\u00eb monitorimin e ndotjes.<\/p>\n<p>&nbsp;<\/p>\n","protected":false},"excerpt":{"rendered":"<p>&nbsp; Komisioni Evropian i k\u00ebrkoi Gjykat\u00ebs Evropiane t\u00eb nd\u00ebrmarr\u00eb veprime kund\u00ebr Spanj\u00ebs dhe Bullgaris\u00eb, p\u00ebr shkak t\u00eb cil\u00ebsis\u00eb s\u00eb tyre t\u00eb dob\u00ebt t\u00eb ajrit, duke th\u00ebn\u00eb se k\u00ebto vende kan\u00eb d\u00ebshtuar t\u00eb mbrojn\u00eb qytetar\u00ebt nga ndotja. Spanja tejkalon kufijt\u00eb e dioksidit t\u00eb azotit, ve\u00e7an\u00ebrisht n\u00eb dy qytetet e m\u00ebdha: Madrid dhe Barcelon\u00eb, ku nivelet ligjore [&hellip;]<\/p>\n","protected":false},"author":2013,"featured_media":68441,"comment_status":"open","ping_status":"closed","sticky":false,"template":"","format":"standard","meta":{"footnotes":""},"categories":[241,191],"tags":[],"class_list":{"0":"post-98584","1":"post","2":"type-post","3":"status-publish","4":"format-standard","5":"has-post-thumbnail","7":"category-aktualitet","8":"category-bota"},"_links":{"self":[{"href":"https:\/\/zjarr.tv\/sq\/wp-json\/wp\/v2\/posts\/98584","targetHints":{"allow":["GET"]}}],"collection":[{"href":"https:\/\/zjarr.tv\/sq\/wp-json\/wp\/v2\/posts"}],"about":[{"href":"https:\/\/zjarr.tv\/sq\/wp-json\/wp\/v2\/types\/post"}],"author":[{"embeddable":true,"href":"https:\/\/zjarr.tv\/sq\/wp-json\/wp\/v2\/users\/2013"}],"replies":[{"embeddable":true,"href":"https:\/\/zjarr.tv\/sq\/wp-json\/wp\/v2\/comments?post=98584"}],"version-history":[{"count":0,"href":"https:\/\/zjarr.tv\/sq\/wp-json\/wp\/v2\/posts\/98584\/revisions"}],"wp:featuredmedia":[{"embeddable":true,"href":"https:\/\/zjarr.tv\/sq\/wp-json\/wp\/v2\/media\/68441"}],"wp:attachment":[{"href":"https:\/\/zjarr.tv\/sq\/wp-json\/wp\/v2\/media?parent=98584"}],"wp:term":[{"taxonomy":"category","embeddable":true,"href":"https:\/\/zjarr.tv\/sq\/wp-json\/wp\/v2\/categories?post=98584"},{"taxonomy":"post_tag","embeddable":true,"href":"https:\/\/zjarr.tv\/sq\/wp-json\/wp\/v2\/tags?post=98584"}],"curies":[{"name":"wp","href":"https:\/\/api.w.org\/{rel}","templated":true}]}}