{"id":98592,"date":"2019-07-25T17:17:48","date_gmt":"2019-07-25T15:17:48","guid":{"rendered":"https:\/\/zjarr.tv\/?p=98592"},"modified":"2019-07-25T17:17:48","modified_gmt":"2019-07-25T15:17:48","slug":"perplasen-makinat-ne-hyrje-te-tropojes-nje-i-plagosur","status":"publish","type":"post","link":"https:\/\/zjarr.tv\/sq\/perplasen-makinat-ne-hyrje-te-tropojes-nje-i-plagosur\/","title":{"rendered":"P\u00ebrplasen makinat n\u00eb hyrje t\u00eb Tropoj\u00ebs, nj\u00eb i plagosur"},"content":{"rendered":"<p>&nbsp;<\/p>\n<p>Nj\u00eb aksident i r\u00ebnd\u00eb ka ndodhur n\u00eb or\u00ebt e pasdites s\u00eb sotme n\u00eb hyrje t\u00eb qytetit t\u00eb Tropoj\u00ebs.<\/p>\n<p>N\u00eb aksident jan\u00eb p\u00ebrfshir\u00eb nj\u00eb mjet tip \u2018Golf\u2019 i drejtuar nga shtetasi me iniciale I.D dhe nj\u00eb mjet tip \u2018Pasat\u2019 me drejtues shtetasin me iniciale G.K<\/p>\n<p>Si pasoj\u00eb e k\u00ebtij aksidenti ka mbetur i plagosur drejtuesi i mjetit \u201cGolf\u201d, i cili ndodhet n\u00eb spitalin e Tropoj\u00ebs ku po merr ndihm\u00ebn mjek\u00ebsore, por q\u00eb ndodhet jasht\u00eb rrezikut p\u00ebr jet\u00ebn.<\/p>\n<p>Njoftimi i Policis\u00eb<\/p>\n<p>\u201cM\u00eb dat\u00eb 25.07.2019, n\u00eb kryq\u00ebzimin p\u00ebr n\u00eb fshatin Begaj, Tropoj\u00eb, jan\u00eb p\u00ebrplasur automjeti tip \u201cGolf\u201d, me drejtues shtetasin I.D., me automjetin tip \u201cPasat\u201d, me drejtues shtetasin G.K. Si pasoj\u00eb e aksidentit \u00ebsht\u00eb d\u00ebmtuar drejtuesi i mjetit \u201cGolf\u201d, shtetasi I.D., ku po merr ndihm\u00ebn mjeksore n\u00eb spitalin e Tropoj\u00ebs,\u201d-informon policia.<\/p>\n<p>Grupi hetimor ndodhet n\u00eb vendin e ngjarjes, ku po punon p\u00ebr zbardhjen e shkaqeve t\u00eb aksidentit.<\/p>\n<p>&nbsp;<\/p>\n","protected":false},"excerpt":{"rendered":"<p>&nbsp; Nj\u00eb aksident i r\u00ebnd\u00eb ka ndodhur n\u00eb or\u00ebt e pasdites s\u00eb sotme n\u00eb hyrje t\u00eb qytetit t\u00eb Tropoj\u00ebs. N\u00eb aksident jan\u00eb p\u00ebrfshir\u00eb nj\u00eb mjet tip \u2018Golf\u2019 i drejtuar nga shtetasi me iniciale I.D dhe nj\u00eb mjet tip \u2018Pasat\u2019 me drejtues shtetasin me iniciale G.K Si pasoj\u00eb e k\u00ebtij aksidenti ka mbetur i plagosur drejtuesi [&hellip;]<\/p>\n","protected":false},"author":2013,"featured_media":98593,"comment_status":"open","ping_status":"closed","sticky":false,"template":"","format":"standard","meta":{"footnotes":""},"categories":[241,235],"tags":[],"class_list":{"0":"post-98592","1":"post","2":"type-post","3":"status-publish","4":"format-standard","5":"has-post-thumbnail","7":"category-aktualitet","8":"category-vendi"},"_links":{"self":[{"href":"https:\/\/zjarr.tv\/sq\/wp-json\/wp\/v2\/posts\/98592","targetHints":{"allow":["GET"]}}],"collection":[{"href":"https:\/\/zjarr.tv\/sq\/wp-json\/wp\/v2\/posts"}],"about":[{"href":"https:\/\/zjarr.tv\/sq\/wp-json\/wp\/v2\/types\/post"}],"author":[{"embeddable":true,"href":"https:\/\/zjarr.tv\/sq\/wp-json\/wp\/v2\/users\/2013"}],"replies":[{"embeddable":true,"href":"https:\/\/zjarr.tv\/sq\/wp-json\/wp\/v2\/comments?post=98592"}],"version-history":[{"count":0,"href":"https:\/\/zjarr.tv\/sq\/wp-json\/wp\/v2\/posts\/98592\/revisions"}],"wp:featuredmedia":[{"embeddable":true,"href":"https:\/\/zjarr.tv\/sq\/wp-json\/wp\/v2\/media\/98593"}],"wp:attachment":[{"href":"https:\/\/zjarr.tv\/sq\/wp-json\/wp\/v2\/media?parent=98592"}],"wp:term":[{"taxonomy":"category","embeddable":true,"href":"https:\/\/zjarr.tv\/sq\/wp-json\/wp\/v2\/categories?post=98592"},{"taxonomy":"post_tag","embeddable":true,"href":"https:\/\/zjarr.tv\/sq\/wp-json\/wp\/v2\/tags?post=98592"}],"curies":[{"name":"wp","href":"https:\/\/api.w.org\/{rel}","templated":true}]}}