{"id":98595,"date":"2019-07-25T17:19:10","date_gmt":"2019-07-25T15:19:10","guid":{"rendered":"https:\/\/zjarr.tv\/?p=98595"},"modified":"2019-07-25T17:19:10","modified_gmt":"2019-07-25T15:19:10","slug":"zbardhet-lista-e-kandidateve-jogjyqtare-per-gjykaten-e-larte","status":"publish","type":"post","link":"https:\/\/zjarr.tv\/sq\/zbardhet-lista-e-kandidateve-jogjyqtare-per-gjykaten-e-larte\/","title":{"rendered":"Zbardhet lista e kandidat\u00ebve jogjyqtar\u00eb p\u00ebr Gjykat\u00ebn e Lart\u00eb"},"content":{"rendered":"<p>&nbsp;<\/p>\n<p>Zbardhet lista e kandidat\u00ebve jogjyqtar\u00eb p\u00ebr Gjykat\u00ebn e Lart\u00eb. Me miratimin e rregullores n\u00eb fillim t\u00eb k\u00ebtij muaji, K\u00ebshilli i Lart\u00eb Gjyq\u00ebsor i hapi rrug\u00eb gar\u00ebs p\u00ebr an\u00ebtaret jo gjyqtar\u00eb p\u00ebr Gjykat\u00ebn e Lart\u00eb.<\/p>\n<p>Rregullorja p\u00ebrcakton pik\u00ebzimin dhe renditjen e kandidat\u00ebve, jo gjyqtar\u00eb q\u00eb kandidojn\u00eb p\u00ebr Gjykat\u00ebn e Lart\u00eb.<\/p>\n<p>Sipas list\u00ebs kandidat\u00ebt jo gjyqtar\u00eb n\u00eb gar\u00eb p\u00ebr Gjykat\u00ebn e Lart\u00eb jan\u00eb: Sergjio Mazreku, Ndue Pjetra, Ergys Misha Jetmira Rragami, Aldona Sulaj, Jordan Daci, Lindita Troja, Alma Loci, Hermina Albunesa, Rezarta Melo (Cenaj) Agron Lamaj, Ervin Pupe, Theodhor Sollaku, Irena Nino, Vjosa Bodo Mujo, Shaqir Hasanaj, Kestrin Katro, Sokol Sadushaj, Ilir Panda, Ardita Buna Alsula Anton Lleshaj.<\/p>\n<p>19 do t\u00eb jen\u00eb numri i an\u00ebtar\u00ebve n\u00eb Gjykat\u00ebn e Lart\u00eb nd\u00ebrkoh\u00eb q\u00eb kandidat\u00ebt jo gjyqtar\u00eb, do t\u00eb p\u00ebrbejn\u00eb 1\/5 e struktur\u00ebs s\u00eb k\u00ebsaj trupe.<\/p>\n<p>&nbsp;<\/p>\n","protected":false},"excerpt":{"rendered":"<p>&nbsp; Zbardhet lista e kandidat\u00ebve jogjyqtar\u00eb p\u00ebr Gjykat\u00ebn e Lart\u00eb. Me miratimin e rregullores n\u00eb fillim t\u00eb k\u00ebtij muaji, K\u00ebshilli i Lart\u00eb Gjyq\u00ebsor i hapi rrug\u00eb gar\u00ebs p\u00ebr an\u00ebtaret jo gjyqtar\u00eb p\u00ebr Gjykat\u00ebn e Lart\u00eb. Rregullorja p\u00ebrcakton pik\u00ebzimin dhe renditjen e kandidat\u00ebve, jo gjyqtar\u00eb q\u00eb kandidojn\u00eb p\u00ebr Gjykat\u00ebn e Lart\u00eb. Sipas list\u00ebs kandidat\u00ebt jo gjyqtar\u00eb [&hellip;]<\/p>\n","protected":false},"author":2013,"featured_media":98596,"comment_status":"open","ping_status":"closed","sticky":false,"template":"","format":"standard","meta":{"footnotes":""},"categories":[241,235],"tags":[],"class_list":{"0":"post-98595","1":"post","2":"type-post","3":"status-publish","4":"format-standard","5":"has-post-thumbnail","7":"category-aktualitet","8":"category-vendi"},"_links":{"self":[{"href":"https:\/\/zjarr.tv\/sq\/wp-json\/wp\/v2\/posts\/98595","targetHints":{"allow":["GET"]}}],"collection":[{"href":"https:\/\/zjarr.tv\/sq\/wp-json\/wp\/v2\/posts"}],"about":[{"href":"https:\/\/zjarr.tv\/sq\/wp-json\/wp\/v2\/types\/post"}],"author":[{"embeddable":true,"href":"https:\/\/zjarr.tv\/sq\/wp-json\/wp\/v2\/users\/2013"}],"replies":[{"embeddable":true,"href":"https:\/\/zjarr.tv\/sq\/wp-json\/wp\/v2\/comments?post=98595"}],"version-history":[{"count":0,"href":"https:\/\/zjarr.tv\/sq\/wp-json\/wp\/v2\/posts\/98595\/revisions"}],"wp:featuredmedia":[{"embeddable":true,"href":"https:\/\/zjarr.tv\/sq\/wp-json\/wp\/v2\/media\/98596"}],"wp:attachment":[{"href":"https:\/\/zjarr.tv\/sq\/wp-json\/wp\/v2\/media?parent=98595"}],"wp:term":[{"taxonomy":"category","embeddable":true,"href":"https:\/\/zjarr.tv\/sq\/wp-json\/wp\/v2\/categories?post=98595"},{"taxonomy":"post_tag","embeddable":true,"href":"https:\/\/zjarr.tv\/sq\/wp-json\/wp\/v2\/tags?post=98595"}],"curies":[{"name":"wp","href":"https:\/\/api.w.org\/{rel}","templated":true}]}}