{"id":98598,"date":"2019-07-25T17:20:17","date_gmt":"2019-07-25T15:20:17","guid":{"rendered":"https:\/\/zjarr.tv\/?p=98598"},"modified":"2019-07-25T17:20:17","modified_gmt":"2019-07-25T15:20:17","slug":"bulqize-procedohen-tre-inspektore-te-imt-se","status":"publish","type":"post","link":"https:\/\/zjarr.tv\/sq\/bulqize-procedohen-tre-inspektore-te-imt-se\/","title":{"rendered":"Bulqiz\u00eb, procedohen tre inspektor\u00eb t\u00eb IMT-s\u00eb"},"content":{"rendered":"<p>&nbsp;<\/p>\n<p>Tre inspektor\u00eb t\u00eb IMT-s\u00eb jan\u00eb proceduar penalisht nga policia e Bulqiz\u00ebs, n\u00ebn akuz\u00ebn e shp\u00ebrdorimit t\u00eb detyr\u00ebs.<\/p>\n<p>Policia b\u00ebn me dije se ata kishin lejuar zaptimin e hap\u00ebsirave publike.<\/p>\n<p>T\u00eb proceduaruit jan\u00eb:\u00a0<strong>B.\u00c7, 25 vje\u00e7<\/strong>, banues n\u00eb Bulqiz\u00eb, me detyr\u00eb Kryeinspektor i IMT, bashkia Bulqiz\u00eb;<\/p>\n<p><strong>A.T, 42 vje\u00e7,<\/strong>\u00a0banues n\u00eb Bulqiz\u00eb, me detyr\u00eb Inspektor n\u00eb IMT bashkia Bulqiz\u00eb<\/p>\n<p><strong>E.A, 24 vje\u00e7<\/strong>, banues n\u00eb Bulqiz\u00eb, me detyr\u00eb Inspektor n\u00eb IMT bashkia Bulqiz\u00eb.<\/p>\n<p><em>\u201cK\u00ebta shtetas n\u00eb neglizhenc\u00eb t\u00eb kryerjes s\u00eb detyrave si punonj\u00ebs shtet\u00ebror\u00eb nuk kan\u00eb kryer me dashje marrjen e masave ligjore p\u00ebr prishjen e nd\u00ebrtimeve t\u00eb kundraligjshme ndaj subjekteve q\u00eb kan\u00eb zaptuar hap\u00ebsirat publike t\u00eb bashkis\u00eb Bulqiz\u00eb\u201d,<\/em>&#8211; njofton policia.<\/p>\n<p>Materialet i kaluan Prokuroris\u00eb pran\u00eb Gjykat\u00ebs s\u00eb Shkall\u00ebs s\u00eb Par\u00eb Dib\u00ebr p\u00ebr vepr\u00ebn penale &#8220;Shp\u00ebrdorim detyre&#8221; kryer n\u00eb bashk\u00ebpunim.<\/p>\n<p>&nbsp;<\/p>\n","protected":false},"excerpt":{"rendered":"<p>&nbsp; Tre inspektor\u00eb t\u00eb IMT-s\u00eb jan\u00eb proceduar penalisht nga policia e Bulqiz\u00ebs, n\u00ebn akuz\u00ebn e shp\u00ebrdorimit t\u00eb detyr\u00ebs. Policia b\u00ebn me dije se ata kishin lejuar zaptimin e hap\u00ebsirave publike. T\u00eb proceduaruit jan\u00eb:\u00a0B.\u00c7, 25 vje\u00e7, banues n\u00eb Bulqiz\u00eb, me detyr\u00eb Kryeinspektor i IMT, bashkia Bulqiz\u00eb; A.T, 42 vje\u00e7,\u00a0banues n\u00eb Bulqiz\u00eb, me detyr\u00eb Inspektor n\u00eb IMT [&hellip;]<\/p>\n","protected":false},"author":2013,"featured_media":98599,"comment_status":"open","ping_status":"closed","sticky":false,"template":"","format":"standard","meta":{"footnotes":""},"categories":[241,235],"tags":[],"class_list":{"0":"post-98598","1":"post","2":"type-post","3":"status-publish","4":"format-standard","5":"has-post-thumbnail","7":"category-aktualitet","8":"category-vendi"},"_links":{"self":[{"href":"https:\/\/zjarr.tv\/sq\/wp-json\/wp\/v2\/posts\/98598","targetHints":{"allow":["GET"]}}],"collection":[{"href":"https:\/\/zjarr.tv\/sq\/wp-json\/wp\/v2\/posts"}],"about":[{"href":"https:\/\/zjarr.tv\/sq\/wp-json\/wp\/v2\/types\/post"}],"author":[{"embeddable":true,"href":"https:\/\/zjarr.tv\/sq\/wp-json\/wp\/v2\/users\/2013"}],"replies":[{"embeddable":true,"href":"https:\/\/zjarr.tv\/sq\/wp-json\/wp\/v2\/comments?post=98598"}],"version-history":[{"count":0,"href":"https:\/\/zjarr.tv\/sq\/wp-json\/wp\/v2\/posts\/98598\/revisions"}],"wp:featuredmedia":[{"embeddable":true,"href":"https:\/\/zjarr.tv\/sq\/wp-json\/wp\/v2\/media\/98599"}],"wp:attachment":[{"href":"https:\/\/zjarr.tv\/sq\/wp-json\/wp\/v2\/media?parent=98598"}],"wp:term":[{"taxonomy":"category","embeddable":true,"href":"https:\/\/zjarr.tv\/sq\/wp-json\/wp\/v2\/categories?post=98598"},{"taxonomy":"post_tag","embeddable":true,"href":"https:\/\/zjarr.tv\/sq\/wp-json\/wp\/v2\/tags?post=98598"}],"curies":[{"name":"wp","href":"https:\/\/api.w.org\/{rel}","templated":true}]}}