{"id":98628,"date":"2019-07-26T12:47:19","date_gmt":"2019-07-26T10:47:19","guid":{"rendered":"https:\/\/zjarr.tv\/?p=98628"},"modified":"2019-07-26T12:47:19","modified_gmt":"2019-07-26T10:47:19","slug":"basha-ne-himare-pd-force-fituese-te-bashkuar-me-qytetaret-per-ndryshimin","status":"publish","type":"post","link":"https:\/\/zjarr.tv\/sq\/basha-ne-himare-pd-force-fituese-te-bashkuar-me-qytetaret-per-ndryshimin\/","title":{"rendered":"Basha n\u00eb Himar\u00eb: PD forc\u00eb fituese, t\u00eb bashkuar me qytetar\u00ebt p\u00ebr ndryshimin"},"content":{"rendered":"<p>&nbsp;<\/p>\n<p>Turi i takimeve t\u00eb kreut t\u00eb opozit\u00ebs, Lulzim Basha me strukturat e PD, po zhvillohet n\u00eb Jug t\u00eb vendit, ku, si n\u00eb t\u00eb gjith\u00eb Shqip\u00ebrin\u00eb, refuzimi p\u00ebr qeverin\u00eb e Edi Ram\u00ebs ishte i lart\u00eb.<\/p>\n<p>Himara \u00ebsht\u00eb nj\u00eb nga bashkit\u00eb e vizituara prej kryedemokratit Basha.<\/p>\n<p>\u2018N\u00eb pranin\u00eb e OSBE\/ODIHR-it u faktua se ky njeri \u00ebsht\u00eb i paaft\u00eb t\u00eb organizoj\u00eb zgjedhje t\u00eb lira.<\/p>\n<p>N\u00eb k\u00ebt\u00eb kuad\u00ebr, p\u00ebrpjekja jon\u00eb opozitare jo vet\u00ebm q\u00eb korri nj\u00eb sukses t\u00eb plot\u00eb, por po ashtu b\u00ebri nj\u00eb matje shum\u00eb m\u00eb t\u00eb r\u00ebnd\u00ebsishme se \u00e7do sondazh.<\/p>\n<p>T\u00eb gjitha sondazhet na nxjerrin forc\u00eb fituese, e nxjerrin opozit\u00ebn shumic\u00eb qeveris\u00ebse, po sondazhi m\u00eb i r\u00ebnd\u00ebsish\u00ebm ishte ai i 30 qershorit, ku 85 % e qytetar\u00ebve e refuzuan n\u00eb m\u00ebnyr\u00eb masive regjimin. Kjo \u00ebsht\u00eb shumica \u2018Rama ik\u2019. &#8211; u shpreh Kryetari Basha n\u00eb takimin me demokrat\u00ebt e Himar\u00ebs.<\/p>\n<p>Kreu i opozit\u00ebs tha se kjo bashki \u00ebsht\u00eb pasqyra m\u00eb e mir\u00eb e problematik\u00ebs s\u00eb vendit: grabitje e pronave, hajdut\u00ebri e hapur qeveritare, paligjshm\u00ebri, shkat\u00ebrrim i sip\u00ebrmarrjes s\u00eb vog\u00ebl e t\u00eb mesme, munges\u00eb totale e vizionit p\u00ebr zhvillimin ekonomik, n\u00eb ve\u00e7anti n\u00eb fush\u00ebn e turizmit apo t\u00eb shfryt\u00ebzimit t\u00eb detit dhe, mbi t\u00eb gjitha, munges\u00ebn totale t\u00eb \u00e7do lloj p\u00ebrkujdesjeje ndaj intereresit qytetar.<\/p>\n<p>\u2018Interesi publik \u00ebsht\u00eb i pari q\u00eb sakrifikohet p\u00ebr interesat e Edi Ram\u00ebs dhe nj\u00eb grushti njer\u00ebzish, me t\u00eb cil\u00ebt ka kapur dhe ka mbajtur pushtetin gjith\u00eb k\u00ebto vite\u2019 &#8211; theksoi zoti Basha n\u00eb Hinar\u00eb, ku vuri n\u00eb dukje rritjen e besimit p\u00ebr PD dhe bashk\u00ebpunimin e saj me \u00e7do faktor lokal dhe komb\u00ebtar p\u00ebr t\u00eb sjell\u00eb sa m\u00eb shpejt ndryshimin.<\/p>\n<p>&nbsp;<\/p>\n","protected":false},"excerpt":{"rendered":"<p>&nbsp; Turi i takimeve t\u00eb kreut t\u00eb opozit\u00ebs, Lulzim Basha me strukturat e PD, po zhvillohet n\u00eb Jug t\u00eb vendit, ku, si n\u00eb t\u00eb gjith\u00eb Shqip\u00ebrin\u00eb, refuzimi p\u00ebr qeverin\u00eb e Edi Ram\u00ebs ishte i lart\u00eb. Himara \u00ebsht\u00eb nj\u00eb nga bashkit\u00eb e vizituara prej kryedemokratit Basha. \u2018N\u00eb pranin\u00eb e OSBE\/ODIHR-it u faktua se ky njeri \u00ebsht\u00eb [&hellip;]<\/p>\n","protected":false},"author":2013,"featured_media":98629,"comment_status":"open","ping_status":"closed","sticky":false,"template":"","format":"standard","meta":{"footnotes":""},"categories":[241,235],"tags":[],"class_list":{"0":"post-98628","1":"post","2":"type-post","3":"status-publish","4":"format-standard","5":"has-post-thumbnail","7":"category-aktualitet","8":"category-vendi"},"_links":{"self":[{"href":"https:\/\/zjarr.tv\/sq\/wp-json\/wp\/v2\/posts\/98628","targetHints":{"allow":["GET"]}}],"collection":[{"href":"https:\/\/zjarr.tv\/sq\/wp-json\/wp\/v2\/posts"}],"about":[{"href":"https:\/\/zjarr.tv\/sq\/wp-json\/wp\/v2\/types\/post"}],"author":[{"embeddable":true,"href":"https:\/\/zjarr.tv\/sq\/wp-json\/wp\/v2\/users\/2013"}],"replies":[{"embeddable":true,"href":"https:\/\/zjarr.tv\/sq\/wp-json\/wp\/v2\/comments?post=98628"}],"version-history":[{"count":0,"href":"https:\/\/zjarr.tv\/sq\/wp-json\/wp\/v2\/posts\/98628\/revisions"}],"wp:featuredmedia":[{"embeddable":true,"href":"https:\/\/zjarr.tv\/sq\/wp-json\/wp\/v2\/media\/98629"}],"wp:attachment":[{"href":"https:\/\/zjarr.tv\/sq\/wp-json\/wp\/v2\/media?parent=98628"}],"wp:term":[{"taxonomy":"category","embeddable":true,"href":"https:\/\/zjarr.tv\/sq\/wp-json\/wp\/v2\/categories?post=98628"},{"taxonomy":"post_tag","embeddable":true,"href":"https:\/\/zjarr.tv\/sq\/wp-json\/wp\/v2\/tags?post=98628"}],"curies":[{"name":"wp","href":"https:\/\/api.w.org\/{rel}","templated":true}]}}