{"id":98631,"date":"2019-07-26T12:48:53","date_gmt":"2019-07-26T10:48:53","guid":{"rendered":"https:\/\/zjarr.tv\/?p=98631"},"modified":"2019-07-26T12:48:53","modified_gmt":"2019-07-26T10:48:53","slug":"e-masakroi-babai-me-thika-pse-doli-me-shoqet-ja-cfare-shkruan-nena-e-sabina-lekajt","status":"publish","type":"post","link":"https:\/\/zjarr.tv\/sq\/e-masakroi-babai-me-thika-pse-doli-me-shoqet-ja-cfare-shkruan-nena-e-sabina-lekajt\/","title":{"rendered":"E masakroi babai me thika pse doli me shoqet, ja \u00e7far\u00eb shkruan n\u00ebna e Sabina Lekajt"},"content":{"rendered":"<p>&nbsp;<\/p>\n<p>N\u00ebna e Romina Lekaj, vajz\u00ebs 20 vje\u00e7are shqiptare q\u00eb u masakrua me thika nga babai I saj n\u00eb Australi, ka vendosur shiritin e zi n\u00eb profilin e saj n\u00eb Facebook dhe shkruan vet\u00ebm nj\u00eb fjali:<\/p>\n<p>\u2018Fjal\u00ebt nuk mund ta p\u00ebrshkruajn\u00eb dhimbjen\u2019.<\/p>\n<p>Ngjarje shokuese ndodhi n\u00eb Australi, ku nj\u00eb baba shqiptar vrau vajz\u00ebn e tij 20-vje\u00e7are, Sabrina Lekajn me thik\u00eb teksa ndodheshin n\u00eb makin\u00eb.<\/p>\n<p>Petrit Lekaj, 49 vje\u00e7 u gjet gjithashtu n\u00eb makin\u00eb me l\u00ebndime n\u00eb bark.<\/p>\n<p>Mediat e huaja shkruajn\u00eb se Sabrina kishte debatuar me t\u00eb atin, pasi e kishte kaluar mbr\u00ebmjen me shoqen e saj n\u00eb klub.<\/p>\n<p>Shoqja e Sabrin\u00ebs ka th\u00ebn\u00eb p\u00ebr mediat se e reja ishte e shqet\u00ebsuar pasi i ati do i b\u00ebrtiste kur t\u00eb shkonte n\u00eb sht\u00ebpi.<\/p>\n<p>&nbsp;<\/p>\n","protected":false},"excerpt":{"rendered":"<p>&nbsp; N\u00ebna e Romina Lekaj, vajz\u00ebs 20 vje\u00e7are shqiptare q\u00eb u masakrua me thika nga babai I saj n\u00eb Australi, ka vendosur shiritin e zi n\u00eb profilin e saj n\u00eb Facebook dhe shkruan vet\u00ebm nj\u00eb fjali: \u2018Fjal\u00ebt nuk mund ta p\u00ebrshkruajn\u00eb dhimbjen\u2019. Ngjarje shokuese ndodhi n\u00eb Australi, ku nj\u00eb baba shqiptar vrau vajz\u00ebn e tij [&hellip;]<\/p>\n","protected":false},"author":2013,"featured_media":98632,"comment_status":"open","ping_status":"closed","sticky":false,"template":"","format":"standard","meta":{"footnotes":""},"categories":[241,235],"tags":[],"class_list":{"0":"post-98631","1":"post","2":"type-post","3":"status-publish","4":"format-standard","5":"has-post-thumbnail","7":"category-aktualitet","8":"category-vendi"},"_links":{"self":[{"href":"https:\/\/zjarr.tv\/sq\/wp-json\/wp\/v2\/posts\/98631","targetHints":{"allow":["GET"]}}],"collection":[{"href":"https:\/\/zjarr.tv\/sq\/wp-json\/wp\/v2\/posts"}],"about":[{"href":"https:\/\/zjarr.tv\/sq\/wp-json\/wp\/v2\/types\/post"}],"author":[{"embeddable":true,"href":"https:\/\/zjarr.tv\/sq\/wp-json\/wp\/v2\/users\/2013"}],"replies":[{"embeddable":true,"href":"https:\/\/zjarr.tv\/sq\/wp-json\/wp\/v2\/comments?post=98631"}],"version-history":[{"count":0,"href":"https:\/\/zjarr.tv\/sq\/wp-json\/wp\/v2\/posts\/98631\/revisions"}],"wp:featuredmedia":[{"embeddable":true,"href":"https:\/\/zjarr.tv\/sq\/wp-json\/wp\/v2\/media\/98632"}],"wp:attachment":[{"href":"https:\/\/zjarr.tv\/sq\/wp-json\/wp\/v2\/media?parent=98631"}],"wp:term":[{"taxonomy":"category","embeddable":true,"href":"https:\/\/zjarr.tv\/sq\/wp-json\/wp\/v2\/categories?post=98631"},{"taxonomy":"post_tag","embeddable":true,"href":"https:\/\/zjarr.tv\/sq\/wp-json\/wp\/v2\/tags?post=98631"}],"curies":[{"name":"wp","href":"https:\/\/api.w.org\/{rel}","templated":true}]}}