{"id":98634,"date":"2019-07-26T12:53:03","date_gmt":"2019-07-26T10:53:03","guid":{"rendered":"https:\/\/zjarr.tv\/?p=98634"},"modified":"2019-07-26T12:53:03","modified_gmt":"2019-07-26T10:53:03","slug":"lajmi-i-mire-per-emigrantet-shqiptare-ne-britani-ja-cfare-ka-premtuar-kryeministri-ne-fjalimin-e-pare","status":"publish","type":"post","link":"https:\/\/zjarr.tv\/sq\/lajmi-i-mire-per-emigrantet-shqiptare-ne-britani-ja-cfare-ka-premtuar-kryeministri-ne-fjalimin-e-pare\/","title":{"rendered":"Lajmi i mir\u00eb p\u00ebr emigrant\u00ebt shqiptar\u00eb n\u00eb Britani, ja \u00e7far\u00eb ka premtuar Kryeministri n\u00eb fjalimin e par\u00eb"},"content":{"rendered":"<p>&nbsp;<\/p>\n<p>E nd\u00ebrsa shum\u00eb britanik mund t\u00eb mos jen\u00eb t\u00eb k\u00ebnaqur me zgjedhjen e Boris Johnson si kryeminist\u00ebr i ri i Britanis\u00eb, padyshim ata q\u00eb jetojn\u00eb ilegalisht n\u00eb Britani, q\u00eb jan\u00eb n\u00eb disa qindra mij\u00ebra, nuk ka si t\u00eb mos e mir\u00ebpresin lajmin dhe prononcimet e Kryeministrit britanik p\u00ebr nj\u00eb amnisti t\u00eb re p\u00ebr afro 500 mij\u00eb emigrant\u00eb q\u00eb jetojn\u00eb ilegalisht n\u00eb Britani t\u00eb Madhe.<\/p>\n<p>N\u00eb t\u00eb parin fjalim p\u00ebrpara deputet\u00ebve pas zgjedhjes n\u00eb detyr\u00eb, kryeministri Johnson grisi planin e emigracionit t\u00eb paraardh\u00ebses s\u00eb tij Theresa May p\u00ebr emigracionin, duke theksuar v\u00ebshtir\u00ebsit\u00eb e d\u00ebbimit masiv t\u00eb emigrant\u00ebve, t\u00eb cil\u00ebt \u201djetojn\u00eb dhe punojn\u00eb prej vitesh pa qen\u00eb t\u00eb p\u00ebrfshir\u00eb n\u00eb aktivitete kriminale\u201d.<\/p>\n<p>Johnson faktikisht q\u00eb kur ka qen\u00eb Kryetar i Bashkis\u00eb s\u00eb Londr\u00ebs ka qen\u00eb nj\u00eb p\u00ebrkrah\u00ebs i madh i ides\u00eb s\u00eb amnistis\u00eb p\u00ebr emigrant\u00ebt illegal, nd\u00ebrkoh\u00eb q\u00eb kur ka punuar n\u00eb qeverin\u00eb e paraardh\u00ebses s\u00eb tij Theresa May, ideja e tij p\u00ebr amnisti \u201cnuk gjeti mb\u00ebshtetje t\u00eb madhe\u201d. Sipas tij, kushdo q\u00eb ka jetuar n\u00eb kryeqytet p\u00ebr m\u00eb shum\u00eb se pes\u00eb vjet dhe q\u00eb d\u00ebshmojn\u00eb \u201c angazhimin e tyre ndaj shoq\u00ebris\u00eb britanike\u201d, u duhet dh\u00ebn\u00eb e drejta e q\u00ebndrimit, me q\u00ebllim q\u00eb t\u00eb paguajn\u00eb taksat.<\/p>\n<p>N\u00eb 2008 ai deklaronte se mir\u00eb do ishte q\u00eb emigrant\u00ebt ilegal t\u00eb d\u00ebrgoheshin nga kishin ardhur, por shtonte se kjo nuk ka p\u00ebr t\u00eb ndodhur. Ideja e kryeminstrit Boris Johnson p\u00ebr nj\u00eb amnisti, n\u00ebse ndodh, tanim\u00eb q\u00eb ai \u00ebsht\u00eb n\u00eb krye t\u00eb Ekzekutivit britanik, p\u00ebrben nj\u00eb lajm t\u00eb mir\u00eb p\u00ebr mij\u00ebra shqiptar\u00eb q\u00eb jetojn\u00eb dhe punojn\u00eb ilegalisht n\u00eb Britani prej vitesh.<\/p>\n<p>Edhe pse nuk ka shum\u00eb detaje p\u00ebr koh\u00ebn dhe kushtet e amnistis\u00eb, gjasat jan\u00eb se ajo mund t\u00eb ndodh, aq m\u00eb tep\u00ebr kur kjo vjen nga goja dhe mendja e njeriut q\u00eb po drejton qeverin\u00eb e re britanike.<\/p>\n<p>Ja \u00e7far\u00eb thoshte ai pak dit\u00eb me par\u00eb<\/p>\n<p>\u201cTani un\u00eb mendoj se historia e komuniteteve q\u00eb vin\u00eb n\u00eb Lond\u00ebr dhe jetojn\u00eb k\u00ebtu \u00ebsht\u00eb e jasht\u00ebzakonshme. Kemi par\u00eb val\u00eb migratore dhe ngadal\u00eb ata kan\u00eb ndryshuar jan\u00eb p\u00ebrshtatur dhe ata na kan\u00eb ndihmuar p\u00ebr diversitetin e kultur\u00ebs ton\u00eb. Kjo \u00ebsht\u00eb ajo q\u00eb un\u00eb dua p\u00ebr vendin ton\u00eb\u201d, ka deklaruar Johnson.<\/p>\n<p>M\u00eb tej, ai ka th\u00ebn\u00eb se duhej shqyrtuar mund\u00ebsia e nj\u00eb amnistie p\u00ebr ata qindra mij\u00ebra emigrant\u00eb ilegal\u00eb, t\u00eb cil\u00ebt ndodhen n\u00eb Angli p\u00ebr m\u00eb shum\u00eb se 15 vjet.<\/p>\n<p>Por, Johnson ka edhe nj\u00eb kusht tjet\u00ebr: Ju duhet t\u00eb flisni shum\u00eb mir\u00eb anglisht.<\/p>\n<p>\u201cD\u00ebshiroj q\u00eb t\u00eb gjith\u00eb ata q\u00eb vijn\u00eb n\u00eb Britanin\u00eb e Madhe t\u00eb ndjehen britanik\u00eb. Kjo \u00ebsht\u00eb me shum\u00eb r\u00ebnd\u00ebsi por duhet t\u00eb m\u00ebsojn\u00eb anglisht. Shpesh shikojm\u00eb zona t\u00eb t\u00ebra p\u00ebrfshi pjes\u00eb t\u00eb Londr\u00ebs dhe n\u00eb qytete t\u00eb tjera ku nuk po flitet anglisht si gjuh\u00eb e par\u00eb nga disa njer\u00ebz. Kjo me patjet\u00ebr duhet t\u00eb ndryshoj\u00eb\u201d, ka th\u00ebn\u00eb ai.<\/p>\n<p>Pra, n\u00ebse keni m\u00eb shum\u00eb se 15 vite q\u00eb jetoni n\u00eb Angli dhe e flisni shum\u00eb mir\u00eb gjuh\u00ebn e atij vendi, me amnistin\u00eb e re q\u00eb pritet t\u00eb ndryshoj\u00eb n\u00ebse Jonson b\u00ebhet kryeminist\u00ebr, mund t\u00eb p\u00ebrfitoni leje q\u00ebndrimi.<\/p>\n<p>Pik\u00ebrisht kjo kauz\u00eb e karizmatikut, Johnson, b\u00ebri q\u00eb komuniteti shqiptar\u00eb n\u00eb Angli t\u00eb shoh\u00eb te ai nj\u00eb drit\u00eb jeshile. Prandaj shum\u00eb prej tyre jan\u00eb angazhuar publikisht n\u00eb fushat\u00ebn e Jonson, duke krijuar edhe \u201cshtabe\u201d n\u00eb zona t\u00eb ndryshme ku mbizot\u00ebrojn\u00eb emigrant\u00ebt shqiptar\u00eb.<\/p>\n<p>&nbsp;<\/p>\n","protected":false},"excerpt":{"rendered":"<p>&nbsp; E nd\u00ebrsa shum\u00eb britanik mund t\u00eb mos jen\u00eb t\u00eb k\u00ebnaqur me zgjedhjen e Boris Johnson si kryeminist\u00ebr i ri i Britanis\u00eb, padyshim ata q\u00eb jetojn\u00eb ilegalisht n\u00eb Britani, q\u00eb jan\u00eb n\u00eb disa qindra mij\u00ebra, nuk ka si t\u00eb mos e mir\u00ebpresin lajmin dhe prononcimet e Kryeministrit britanik p\u00ebr nj\u00eb amnisti t\u00eb re p\u00ebr afro [&hellip;]<\/p>\n","protected":false},"author":2013,"featured_media":89079,"comment_status":"open","ping_status":"closed","sticky":false,"template":"","format":"standard","meta":{"footnotes":""},"categories":[241,235],"tags":[],"class_list":{"0":"post-98634","1":"post","2":"type-post","3":"status-publish","4":"format-standard","5":"has-post-thumbnail","7":"category-aktualitet","8":"category-vendi"},"_links":{"self":[{"href":"https:\/\/zjarr.tv\/sq\/wp-json\/wp\/v2\/posts\/98634","targetHints":{"allow":["GET"]}}],"collection":[{"href":"https:\/\/zjarr.tv\/sq\/wp-json\/wp\/v2\/posts"}],"about":[{"href":"https:\/\/zjarr.tv\/sq\/wp-json\/wp\/v2\/types\/post"}],"author":[{"embeddable":true,"href":"https:\/\/zjarr.tv\/sq\/wp-json\/wp\/v2\/users\/2013"}],"replies":[{"embeddable":true,"href":"https:\/\/zjarr.tv\/sq\/wp-json\/wp\/v2\/comments?post=98634"}],"version-history":[{"count":0,"href":"https:\/\/zjarr.tv\/sq\/wp-json\/wp\/v2\/posts\/98634\/revisions"}],"wp:featuredmedia":[{"embeddable":true,"href":"https:\/\/zjarr.tv\/sq\/wp-json\/wp\/v2\/media\/89079"}],"wp:attachment":[{"href":"https:\/\/zjarr.tv\/sq\/wp-json\/wp\/v2\/media?parent=98634"}],"wp:term":[{"taxonomy":"category","embeddable":true,"href":"https:\/\/zjarr.tv\/sq\/wp-json\/wp\/v2\/categories?post=98634"},{"taxonomy":"post_tag","embeddable":true,"href":"https:\/\/zjarr.tv\/sq\/wp-json\/wp\/v2\/tags?post=98634"}],"curies":[{"name":"wp","href":"https:\/\/api.w.org\/{rel}","templated":true}]}}