{"id":98636,"date":"2019-07-26T12:55:09","date_gmt":"2019-07-26T10:55:09","guid":{"rendered":"https:\/\/zjarr.tv\/?p=98636"},"modified":"2019-07-26T12:55:09","modified_gmt":"2019-07-26T10:55:09","slug":"sorrosi-zbulon-nje-tjeter-shqiperi-kete-here-ne-afrike","status":"publish","type":"post","link":"https:\/\/zjarr.tv\/sq\/sorrosi-zbulon-nje-tjeter-shqiperi-kete-here-ne-afrike\/","title":{"rendered":"Sorrosi zbulon nj\u00eb tjet\u00ebr \u2018Shqip\u00ebri\u2019, k\u00ebt\u00eb her\u00eb n\u00eb Afrik\u00eb"},"content":{"rendered":"<p>Pas botimit t\u00eb dy librave, p\u00ebrkat\u00ebsisht \u2018Guinea, Shqip\u00ebria e Afrik\u00ebs\u2019 (ku Presidenti mburret q\u00eb Guinea \u00ebsht\u00eb shnd\u00ebrruar n\u00eb Shqip\u00ebrin\u00eb e Afrik\u00ebs sipas modelit t\u00eb qeverisjes s\u00eb Edi Ram\u00ebs t\u00eb mb\u00ebshtetur dhe promovuar nga Xhorxh Soros) dhe \u2018Nj\u00eb Afrik\u00eb e p\u00ebrkushtuar\u2019, Alpha Cond\u00e9 sapo ka shkruar librin e tij t\u00eb par\u00eb si President i Republik\u00ebs.<\/p>\n<p>Vepra letrare e fundit titullohet \u2018Alpha Conde, nj\u00eb ide p\u00ebr Guinen\u00eb\u2019, \u00ebsht\u00eb nj\u00eb lib\u00ebr ku p\u00ebrmblidhen disa intervista t\u00eb Presidentit t\u00eb Guineas me gazetarin francez Fran\u00e7ois Soudan, botuar nga sht\u00ebpia botuese Fabre.<\/p>\n<p>Alpha Conde \u00ebsht\u00eb nj\u00eb politikan jet\u00ebgjat\u00eb nga Guinea q\u00eb ka ardhur n\u00eb pushtet dhe ka q\u00ebndruar p\u00ebr nj\u00eb koh\u00eb t\u00eb gjat\u00eb n\u00eb pushtet deri sa \u00ebsht\u00eb b\u00ebr\u00eb edhe president i Guineas me mb\u00ebshtetjen mediatike e financiare t\u00eb Xhorxh Soros (https:\/\/www.africaguinee.com\/articles\/2016\/09\/01\/guinee-comment-le-milliardaire-georges-soros-soutenu-alpha-conde).<\/p>\n<p>Po ashtu media nd\u00ebrkomb\u00ebtare, bazuar n\u00eb burime vendase, ka shkruar edhe p\u00ebr nj\u00eb skandal korrupsioni me minier\u00ebn m\u00eb t\u00eb madhe t\u00eb hekurit n\u00eb bot\u00eb q\u00eb gjendet n\u00eb Guinea, ku mendohet se kan\u00eb qen\u00eb t\u00eb implikuar Alpha Conde, Xhorxh Soros dhe Toni Bler (https:\/\/pagesix.com\/2016\/08\/24\/tony-blair-and-george-soros-tied-to-scandal-in-guinea\/).<\/p>\n<p>&nbsp;<\/p>\n","protected":false},"excerpt":{"rendered":"<p>Pas botimit t\u00eb dy librave, p\u00ebrkat\u00ebsisht \u2018Guinea, Shqip\u00ebria e Afrik\u00ebs\u2019 (ku Presidenti mburret q\u00eb Guinea \u00ebsht\u00eb shnd\u00ebrruar n\u00eb Shqip\u00ebrin\u00eb e Afrik\u00ebs sipas modelit t\u00eb qeverisjes s\u00eb Edi Ram\u00ebs t\u00eb mb\u00ebshtetur dhe promovuar nga Xhorxh Soros) dhe \u2018Nj\u00eb Afrik\u00eb e p\u00ebrkushtuar\u2019, Alpha Cond\u00e9 sapo ka shkruar librin e tij t\u00eb par\u00eb si President i Republik\u00ebs. Vepra [&hellip;]<\/p>\n","protected":false},"author":2013,"featured_media":98637,"comment_status":"open","ping_status":"closed","sticky":false,"template":"","format":"standard","meta":{"footnotes":""},"categories":[241,235],"tags":[],"class_list":{"0":"post-98636","1":"post","2":"type-post","3":"status-publish","4":"format-standard","5":"has-post-thumbnail","7":"category-aktualitet","8":"category-vendi"},"_links":{"self":[{"href":"https:\/\/zjarr.tv\/sq\/wp-json\/wp\/v2\/posts\/98636","targetHints":{"allow":["GET"]}}],"collection":[{"href":"https:\/\/zjarr.tv\/sq\/wp-json\/wp\/v2\/posts"}],"about":[{"href":"https:\/\/zjarr.tv\/sq\/wp-json\/wp\/v2\/types\/post"}],"author":[{"embeddable":true,"href":"https:\/\/zjarr.tv\/sq\/wp-json\/wp\/v2\/users\/2013"}],"replies":[{"embeddable":true,"href":"https:\/\/zjarr.tv\/sq\/wp-json\/wp\/v2\/comments?post=98636"}],"version-history":[{"count":0,"href":"https:\/\/zjarr.tv\/sq\/wp-json\/wp\/v2\/posts\/98636\/revisions"}],"wp:featuredmedia":[{"embeddable":true,"href":"https:\/\/zjarr.tv\/sq\/wp-json\/wp\/v2\/media\/98637"}],"wp:attachment":[{"href":"https:\/\/zjarr.tv\/sq\/wp-json\/wp\/v2\/media?parent=98636"}],"wp:term":[{"taxonomy":"category","embeddable":true,"href":"https:\/\/zjarr.tv\/sq\/wp-json\/wp\/v2\/categories?post=98636"},{"taxonomy":"post_tag","embeddable":true,"href":"https:\/\/zjarr.tv\/sq\/wp-json\/wp\/v2\/tags?post=98636"}],"curies":[{"name":"wp","href":"https:\/\/api.w.org\/{rel}","templated":true}]}}