{"id":98639,"date":"2019-07-26T12:56:13","date_gmt":"2019-07-26T10:56:13","guid":{"rendered":"https:\/\/zjarr.tv\/?p=98639"},"modified":"2019-07-26T12:56:13","modified_gmt":"2019-07-26T10:56:13","slug":"arratisje-spektakolare-nga-qelia-emri-i-shqiptarit","status":"publish","type":"post","link":"https:\/\/zjarr.tv\/sq\/arratisje-spektakolare-nga-qelia-emri-i-shqiptarit\/","title":{"rendered":"Arratisje spektakolare nga qelia\/ Emri i shqiptarit"},"content":{"rendered":"<p>&nbsp;<\/p>\n<p>I arrestuar n\u00eb flagranc\u00eb duke vjedhur n\u00eb nj\u00eb sht\u00ebpi, nj\u00eb 23-vje\u00e7ar ja ka dal\u00eb t\u00eb arratiset nga dhoma e ndalimit n\u00eb Kuestur\u00ebn e Monzas, Milano, Itali.<\/p>\n<p>Corriere della Sera shkruan sot, se Elidon Gegaj, 23 vje\u00e7 ishte ndaluar rreth or\u00ebs 11:30 minuta t\u00eb dit\u00ebs s\u00eb djeshme n\u00eb nj\u00eb banes\u00eb n\u00eb Monza. Ai ishte kapur n\u00eb ballkonin e sht\u00ebpis\u00eb.<\/p>\n<p>Pas ndalimit, Gegaj do t\u00eb \u00e7ohej n\u00eb Kuestur\u00ebn e re t\u00eb qytetit, t\u00eb inauguruar vet\u00ebm pak koh\u00eb m\u00eb par\u00eb.<\/p>\n<p>I riu ishte d\u00ebrguar n\u00eb nj\u00eb qeli, hekurat e s\u00eb cil\u00ebs nuk shkonin deri n\u00eb tavan.<\/p>\n<p>Kjo ka qen\u00eb edhe mund\u00ebsia e art\u00eb p\u00ebr 23-vje\u00e7arin Gega q\u00eb t\u00eb arratiset.<\/p>\n<p>Duke qen\u00eb se ishte trup vog\u00ebl, shqiptari ja ka dal\u00eb t\u00eb ngjitej deri n\u00eb tavan, t\u00eb futej mes hekurave dhe tavanit dhe m\u00eb pas do ikte i qet\u00eb n\u00ebp\u00ebr korridoret e Kuestur\u00ebs.<\/p>\n<p>Askush nuk e ka v\u00ebn\u00eb re faktin q\u00eb nj\u00eb i ndaluar po arratisej, deri kur karabinier\u00ebt kan\u00eb shkuar p\u00ebr ta marr\u00eb n\u00eb qeli, por ai nuk ishte aty.<\/p>\n<p>Menj\u00ebher\u00eb \u00ebsht\u00eb dh\u00ebn\u00eb alarmi dhe policia po k\u00ebrkon tani shqiptarin e arratisur.<\/p>\n<p>&nbsp;<\/p>\n","protected":false},"excerpt":{"rendered":"<p>&nbsp; I arrestuar n\u00eb flagranc\u00eb duke vjedhur n\u00eb nj\u00eb sht\u00ebpi, nj\u00eb 23-vje\u00e7ar ja ka dal\u00eb t\u00eb arratiset nga dhoma e ndalimit n\u00eb Kuestur\u00ebn e Monzas, Milano, Itali. Corriere della Sera shkruan sot, se Elidon Gegaj, 23 vje\u00e7 ishte ndaluar rreth or\u00ebs 11:30 minuta t\u00eb dit\u00ebs s\u00eb djeshme n\u00eb nj\u00eb banes\u00eb n\u00eb Monza. Ai ishte kapur [&hellip;]<\/p>\n","protected":false},"author":2013,"featured_media":98640,"comment_status":"open","ping_status":"closed","sticky":false,"template":"","format":"standard","meta":{"footnotes":""},"categories":[241,235],"tags":[],"class_list":{"0":"post-98639","1":"post","2":"type-post","3":"status-publish","4":"format-standard","5":"has-post-thumbnail","7":"category-aktualitet","8":"category-vendi"},"_links":{"self":[{"href":"https:\/\/zjarr.tv\/sq\/wp-json\/wp\/v2\/posts\/98639","targetHints":{"allow":["GET"]}}],"collection":[{"href":"https:\/\/zjarr.tv\/sq\/wp-json\/wp\/v2\/posts"}],"about":[{"href":"https:\/\/zjarr.tv\/sq\/wp-json\/wp\/v2\/types\/post"}],"author":[{"embeddable":true,"href":"https:\/\/zjarr.tv\/sq\/wp-json\/wp\/v2\/users\/2013"}],"replies":[{"embeddable":true,"href":"https:\/\/zjarr.tv\/sq\/wp-json\/wp\/v2\/comments?post=98639"}],"version-history":[{"count":0,"href":"https:\/\/zjarr.tv\/sq\/wp-json\/wp\/v2\/posts\/98639\/revisions"}],"wp:featuredmedia":[{"embeddable":true,"href":"https:\/\/zjarr.tv\/sq\/wp-json\/wp\/v2\/media\/98640"}],"wp:attachment":[{"href":"https:\/\/zjarr.tv\/sq\/wp-json\/wp\/v2\/media?parent=98639"}],"wp:term":[{"taxonomy":"category","embeddable":true,"href":"https:\/\/zjarr.tv\/sq\/wp-json\/wp\/v2\/categories?post=98639"},{"taxonomy":"post_tag","embeddable":true,"href":"https:\/\/zjarr.tv\/sq\/wp-json\/wp\/v2\/tags?post=98639"}],"curies":[{"name":"wp","href":"https:\/\/api.w.org\/{rel}","templated":true}]}}