{"id":98645,"date":"2019-07-26T13:52:41","date_gmt":"2019-07-26T11:52:41","guid":{"rendered":"https:\/\/zjarr.tv\/?p=98645"},"modified":"2019-07-26T13:52:41","modified_gmt":"2019-07-26T11:52:41","slug":"rama-kryebashkiakeve-te-tij-spastroni-administratat-deri-ne-fund-te-gushtit","status":"publish","type":"post","link":"https:\/\/zjarr.tv\/sq\/rama-kryebashkiakeve-te-tij-spastroni-administratat-deri-ne-fund-te-gushtit\/","title":{"rendered":"Rama kryebashkiak\u00ebve t\u00eb tij\/ Spastroni administratat deri n\u00eb fund t\u00eb gushtit"},"content":{"rendered":"<p>&nbsp;<\/p>\n<p>I gjendur p\u00ebrball\u00eb bojkotimit masiv popullor n\u00eb votimet moniste te 30 qershorit Edi Rama e ka mar\u00eb vet\u00eb situat\u00ebn n\u00eb dor\u00eb duke provuar t\u00eb shtoj\u00eb p\u00ebrkrah\u00ebsit e Rilindjes sidomos n\u00eb Veri.<\/p>\n<p>N\u00eb nj\u00eb mbledhje t\u00eb tij me drejtuesit e PS p\u00ebr Rajonin e Veriut q\u00eb sapo jan\u00eb em\u00ebruar nga vet\u00eb Rama ai ka k\u00ebrkuar konstituimin e K\u00ebshillave bashkiak\u00eb.<\/p>\n<p>M\u00ebsohet se gjat\u00eb mbledhjes Rama ka dh\u00ebn\u00eb urdh\u00ebr se konstituimi i K\u00ebshillave Bashkiak\u00eb t\u00eb b\u00ebhet brenda 15 gushtit.<\/p>\n<p>Burime nga takimi shpjegojn\u00eb se Edi Rama ka k\u00ebrkuar largime masive nga puna n\u00ebp\u00ebr zyrat e bashkive.<\/p>\n<p>K\u00ebt\u00eb ai ka nd\u00ebrmend ta b\u00ebj\u00eb n\u00ebp\u00ebrmjet modelit t\u00eb vler\u00ebsimit p\u00ebr \u00e7do punonj\u00ebs bashkiak. &#8216;Drejtor\u00ebt t\u00eb cil\u00ebt nuk kapin ritmin do t\u00eb largohen nga PS. Kryebashkiak\u00ebt t\u00eb ken\u00eb gati planet deri n\u00eb fund t\u00eb gushtit&#8217;, ka th\u00ebn\u00eb Rama.<\/p>\n<p>Sipas Ram\u00ebs administrata n\u00eb terren ka probleme dhe n\u00eb muajt shtator, tetor do t\u00eb b\u00ebhet vler\u00ebsimi. Rama ka prezantuar ministrin e Brendsh\u00ebm, Sand\u00ebr Lleshaj si drejtuesin e ri t\u00eb Rilindjes p\u00ebr qarkun e Lezh\u00ebs.<\/p>\n<p>&nbsp;<\/p>\n","protected":false},"excerpt":{"rendered":"<p>&nbsp; I gjendur p\u00ebrball\u00eb bojkotimit masiv popullor n\u00eb votimet moniste te 30 qershorit Edi Rama e ka mar\u00eb vet\u00eb situat\u00ebn n\u00eb dor\u00eb duke provuar t\u00eb shtoj\u00eb p\u00ebrkrah\u00ebsit e Rilindjes sidomos n\u00eb Veri. N\u00eb nj\u00eb mbledhje t\u00eb tij me drejtuesit e PS p\u00ebr Rajonin e Veriut q\u00eb sapo jan\u00eb em\u00ebruar nga vet\u00eb Rama ai ka k\u00ebrkuar [&hellip;]<\/p>\n","protected":false},"author":2013,"featured_media":98646,"comment_status":"open","ping_status":"closed","sticky":false,"template":"","format":"standard","meta":{"footnotes":""},"categories":[241,235],"tags":[],"class_list":{"0":"post-98645","1":"post","2":"type-post","3":"status-publish","4":"format-standard","5":"has-post-thumbnail","7":"category-aktualitet","8":"category-vendi"},"_links":{"self":[{"href":"https:\/\/zjarr.tv\/sq\/wp-json\/wp\/v2\/posts\/98645","targetHints":{"allow":["GET"]}}],"collection":[{"href":"https:\/\/zjarr.tv\/sq\/wp-json\/wp\/v2\/posts"}],"about":[{"href":"https:\/\/zjarr.tv\/sq\/wp-json\/wp\/v2\/types\/post"}],"author":[{"embeddable":true,"href":"https:\/\/zjarr.tv\/sq\/wp-json\/wp\/v2\/users\/2013"}],"replies":[{"embeddable":true,"href":"https:\/\/zjarr.tv\/sq\/wp-json\/wp\/v2\/comments?post=98645"}],"version-history":[{"count":0,"href":"https:\/\/zjarr.tv\/sq\/wp-json\/wp\/v2\/posts\/98645\/revisions"}],"wp:featuredmedia":[{"embeddable":true,"href":"https:\/\/zjarr.tv\/sq\/wp-json\/wp\/v2\/media\/98646"}],"wp:attachment":[{"href":"https:\/\/zjarr.tv\/sq\/wp-json\/wp\/v2\/media?parent=98645"}],"wp:term":[{"taxonomy":"category","embeddable":true,"href":"https:\/\/zjarr.tv\/sq\/wp-json\/wp\/v2\/categories?post=98645"},{"taxonomy":"post_tag","embeddable":true,"href":"https:\/\/zjarr.tv\/sq\/wp-json\/wp\/v2\/tags?post=98645"}],"curies":[{"name":"wp","href":"https:\/\/api.w.org\/{rel}","templated":true}]}}