{"id":98654,"date":"2019-07-26T14:00:56","date_gmt":"2019-07-26T12:00:56","guid":{"rendered":"https:\/\/zjarr.tv\/?p=98654"},"modified":"2019-07-26T14:00:56","modified_gmt":"2019-07-26T12:00:56","slug":"proteste-ne-devoll-kunder-konstituimit-te-keshillit-bashkiak-opozita-e-bashkuar-nuk-njohim-30-qershorin","status":"publish","type":"post","link":"https:\/\/zjarr.tv\/sq\/proteste-ne-devoll-kunder-konstituimit-te-keshillit-bashkiak-opozita-e-bashkuar-nuk-njohim-30-qershorin\/","title":{"rendered":"Protest\u00eb n\u00eb Devoll, kund\u00ebr konstituimit t\u00eb K\u00ebshillit Bashkiak, opozita e bashkuar: Nuk njohim 30 qershorin"},"content":{"rendered":"<p>&nbsp;<\/p>\n<p>Opozita e bashkuar ka zhvillura nje protest\u00eb para bashkis\u00eb Devoll kund\u00ebr konstituimi i K\u00ebshillit Bashkiak.<\/p>\n<p>Nuk ka pasur zgjedhje m\u00eb 30 qershor, nuk mund t\u00eb ket\u00eb konstituim k\u00ebshilli. M\u00eb 30 qershor \u00ebsht\u00eb votuar p\u00ebr strukturat e rilindjes. Votimet e 30 qershorit nuk p\u00ebrfaq\u00ebsojn\u00eb interesin qytetar, qytetar\u00ebt nuk kishin alternativ\u00eb. 30 qershori goditje e r\u00ebnde p\u00ebr Edi Ram\u00ebn. 85 % e shqiptar\u00ebve nuk mor\u00ebn pjes\u00eb refuzuan procesin fars\u00eb dhe monist t\u00eb Edi Ram\u00ebs.<\/p>\n<p>Edi Rama me konstituimin e k\u00ebshillave imagjinar k\u00ebrkon t\u00eb instaloj\u00eb monizmin. K\u00ebrkon t\u00eb thelloj\u00eb korrupsionin dhe hajduterin\u00eb. 85 % e qytetar\u00ebve nuk p\u00ebrfaq\u00ebsohen. K\u00ebshillat bashkiak\u00eb nuk mund t\u00eb jen\u00eb p\u00ebr 15 % t\u00eb rilindjes.<\/p>\n<p>Kreu i bashkis\u00eb Devoll Bledion Nallbati \u00ebsht\u00eb shprehur se nuk i njohim votimet e 30 qershorit dhe do t\u00eb zbatojme dekretin e Presidentit Meta.<\/p>\n<p>Ne protesten e Devollit, ishin te pranishem edhe ish-deputetet e PD, Hekuran Hoxhalli dhe Endri Hasa si dhe\u00a0Sekretari i P\u00ebrgjithsh\u00ebm i LSI, Endrit Braimllari,<\/p>\n<p>&nbsp;<\/p>\n","protected":false},"excerpt":{"rendered":"<p>&nbsp; Opozita e bashkuar ka zhvillura nje protest\u00eb para bashkis\u00eb Devoll kund\u00ebr konstituimi i K\u00ebshillit Bashkiak. Nuk ka pasur zgjedhje m\u00eb 30 qershor, nuk mund t\u00eb ket\u00eb konstituim k\u00ebshilli. M\u00eb 30 qershor \u00ebsht\u00eb votuar p\u00ebr strukturat e rilindjes. Votimet e 30 qershorit nuk p\u00ebrfaq\u00ebsojn\u00eb interesin qytetar, qytetar\u00ebt nuk kishin alternativ\u00eb. 30 qershori goditje e r\u00ebnde [&hellip;]<\/p>\n","protected":false},"author":2013,"featured_media":98655,"comment_status":"open","ping_status":"closed","sticky":false,"template":"","format":"standard","meta":{"footnotes":""},"categories":[241,235],"tags":[],"class_list":{"0":"post-98654","1":"post","2":"type-post","3":"status-publish","4":"format-standard","5":"has-post-thumbnail","7":"category-aktualitet","8":"category-vendi"},"_links":{"self":[{"href":"https:\/\/zjarr.tv\/sq\/wp-json\/wp\/v2\/posts\/98654","targetHints":{"allow":["GET"]}}],"collection":[{"href":"https:\/\/zjarr.tv\/sq\/wp-json\/wp\/v2\/posts"}],"about":[{"href":"https:\/\/zjarr.tv\/sq\/wp-json\/wp\/v2\/types\/post"}],"author":[{"embeddable":true,"href":"https:\/\/zjarr.tv\/sq\/wp-json\/wp\/v2\/users\/2013"}],"replies":[{"embeddable":true,"href":"https:\/\/zjarr.tv\/sq\/wp-json\/wp\/v2\/comments?post=98654"}],"version-history":[{"count":0,"href":"https:\/\/zjarr.tv\/sq\/wp-json\/wp\/v2\/posts\/98654\/revisions"}],"wp:featuredmedia":[{"embeddable":true,"href":"https:\/\/zjarr.tv\/sq\/wp-json\/wp\/v2\/media\/98655"}],"wp:attachment":[{"href":"https:\/\/zjarr.tv\/sq\/wp-json\/wp\/v2\/media?parent=98654"}],"wp:term":[{"taxonomy":"category","embeddable":true,"href":"https:\/\/zjarr.tv\/sq\/wp-json\/wp\/v2\/categories?post=98654"},{"taxonomy":"post_tag","embeddable":true,"href":"https:\/\/zjarr.tv\/sq\/wp-json\/wp\/v2\/tags?post=98654"}],"curies":[{"name":"wp","href":"https:\/\/api.w.org\/{rel}","templated":true}]}}