{"id":98657,"date":"2019-07-26T14:02:18","date_gmt":"2019-07-26T12:02:18","guid":{"rendered":"https:\/\/zjarr.tv\/?p=98657"},"modified":"2019-07-26T14:02:18","modified_gmt":"2019-07-26T12:02:18","slug":"ediramat-e-devollit-mblidhen-ne-ilegalitet-hasa-shqiperia-eshte-ne-rrezik","status":"publish","type":"post","link":"https:\/\/zjarr.tv\/sq\/ediramat-e-devollit-mblidhen-ne-ilegalitet-hasa-shqiperia-eshte-ne-rrezik\/","title":{"rendered":"\u2018Ediramat e Devollit mblidhen n\u00eb ilegalitet\u2019, Hasa: Shqip\u00ebria \u00ebsht\u00eb n\u00eb rrezik"},"content":{"rendered":"<p>&nbsp;<\/p>\n<p>Kordinatori i Partis\u00eb Demokratike p\u00ebr Devollin, Endri Hasa ka reaguar me nj\u00eb shenim n\u00eb faqen e tij n\u00eb facebok p\u00ebr situat\u00ebn e krijuar gjat\u00eb dit\u00ebs s\u00eb sotme n\u00eb Devoll. \u201cPaligjshmeria po vepron p\u00ebr Bashkin\u00eb e Devollit\u201d shkruna ai<\/p>\n<p>Ja postimi i tij i plot\u00eb:<\/p>\n<p>Paligjshm\u00ebria e 30 Qershorit po thellohet akoma m\u00eb shum\u00eb sot n\u00eb Bashkin\u00eb e Devollit.<\/p>\n<p>T\u00eb pavotuar nga shumica e devollinjve, ediramat e Devollit jan\u00eb mbledhur n\u00eb ilegalitet, larg qytetar\u00ebve dhe po marrin n\u00eb godinat e qeveris\u00eb mandatet e pavleshme t\u00eb k\u00ebshilltar\u00ebve bashkiak\u00eb.<\/p>\n<p>\u00cbsht\u00eb hera e par\u00eb n\u00eb historin\u00eb e pluralizmit kur PS, injoron Bashkin\u00eb, institucionin q\u00eb p\u00ebrfaq\u00ebson vullnetin direkt t\u00eb qytetar\u00ebve.<\/p>\n<p>\u00cbsht\u00eb hera e par\u00eb q\u00eb mandatet e paligjshme jepen n\u00eb prefektur\u00eb, kund\u00ebr vullnetit t\u00eb qytetar\u00ebve.<\/p>\n<p>\u00cbsht\u00eb hera e par\u00eb q\u00eb pakica vendos p\u00ebr shumic\u00ebn.<\/p>\n<p>P\u00ebr Edi Ram\u00ebn nuk ka asnj\u00eb r\u00ebnd\u00ebsi ku shp\u00ebrndahen mandatet e pavlefshme, n\u00eb prefektur\u00eb, n\u00eb zyrat e PS apo n\u00eb ndonj\u00eb godin\u00eb private. P\u00ebr t\u00eb ka r\u00ebnd\u00ebsi vet\u00ebm t\u00eb kontrolloj\u00eb gjith\u00e7ka!<\/p>\n<p>Shqip\u00ebria \u00ebsht\u00eb n\u00eb rrezik!<\/p>\n<p>\u00c7do pushtet sot \u00ebsht\u00eb n\u00eb duart e Edi Ram\u00ebs dhe po p\u00ebrdoret kund\u00ebr interesit publik. Bashkit\u00eb jan\u00eb vet\u00ebm nj\u00eb burim p\u00ebr t\u00eb grabitur. Shqiptar\u00ebt e kan\u00eb kuptuar k\u00ebt\u00eb, prandaj e refuzuan me nj\u00eb vendim plebishitar m\u00eb 30 Qershor! Ne na takon t\u2019ia shkurtojm\u00eb jet\u00ebn k\u00ebtij regjimi mbyt\u00ebs p\u00ebr vendin.<\/p>\n<p>&nbsp;<\/p>\n","protected":false},"excerpt":{"rendered":"<p>&nbsp; Kordinatori i Partis\u00eb Demokratike p\u00ebr Devollin, Endri Hasa ka reaguar me nj\u00eb shenim n\u00eb faqen e tij n\u00eb facebok p\u00ebr situat\u00ebn e krijuar gjat\u00eb dit\u00ebs s\u00eb sotme n\u00eb Devoll. \u201cPaligjshmeria po vepron p\u00ebr Bashkin\u00eb e Devollit\u201d shkruna ai Ja postimi i tij i plot\u00eb: Paligjshm\u00ebria e 30 Qershorit po thellohet akoma m\u00eb shum\u00eb sot [&hellip;]<\/p>\n","protected":false},"author":2013,"featured_media":98658,"comment_status":"open","ping_status":"closed","sticky":false,"template":"","format":"standard","meta":{"footnotes":""},"categories":[241,235],"tags":[],"class_list":{"0":"post-98657","1":"post","2":"type-post","3":"status-publish","4":"format-standard","5":"has-post-thumbnail","7":"category-aktualitet","8":"category-vendi"},"_links":{"self":[{"href":"https:\/\/zjarr.tv\/sq\/wp-json\/wp\/v2\/posts\/98657","targetHints":{"allow":["GET"]}}],"collection":[{"href":"https:\/\/zjarr.tv\/sq\/wp-json\/wp\/v2\/posts"}],"about":[{"href":"https:\/\/zjarr.tv\/sq\/wp-json\/wp\/v2\/types\/post"}],"author":[{"embeddable":true,"href":"https:\/\/zjarr.tv\/sq\/wp-json\/wp\/v2\/users\/2013"}],"replies":[{"embeddable":true,"href":"https:\/\/zjarr.tv\/sq\/wp-json\/wp\/v2\/comments?post=98657"}],"version-history":[{"count":0,"href":"https:\/\/zjarr.tv\/sq\/wp-json\/wp\/v2\/posts\/98657\/revisions"}],"wp:featuredmedia":[{"embeddable":true,"href":"https:\/\/zjarr.tv\/sq\/wp-json\/wp\/v2\/media\/98658"}],"wp:attachment":[{"href":"https:\/\/zjarr.tv\/sq\/wp-json\/wp\/v2\/media?parent=98657"}],"wp:term":[{"taxonomy":"category","embeddable":true,"href":"https:\/\/zjarr.tv\/sq\/wp-json\/wp\/v2\/categories?post=98657"},{"taxonomy":"post_tag","embeddable":true,"href":"https:\/\/zjarr.tv\/sq\/wp-json\/wp\/v2\/tags?post=98657"}],"curies":[{"name":"wp","href":"https:\/\/api.w.org\/{rel}","templated":true}]}}