{"id":98666,"date":"2019-07-26T14:08:08","date_gmt":"2019-07-26T12:08:08","guid":{"rendered":"https:\/\/zjarr.tv\/?p=98666"},"modified":"2019-07-26T14:08:08","modified_gmt":"2019-07-26T12:08:08","slug":"radoja-e-pyeti-a-eshte-shitur-ndrenika-ironi-e-prakam-marre-para","status":"publish","type":"post","link":"https:\/\/zjarr.tv\/sq\/radoja-e-pyeti-a-eshte-shitur-ndrenika-ironi-e-prakam-marre-para\/","title":{"rendered":"Radoja e pyeti a \u00ebsht\u00eb shitur, Ndrenika ironi: E pra,kam marr\u00eb para"},"content":{"rendered":"<p>&nbsp;<\/p>\n<p>Nd\u00ebrsa artist\u00eb dhe qytetar\u00eb vijojn\u00eb protest\u00ebn kund\u00ebr prishjes s\u00eb Teatrit Komb\u00ebtar, nuk kan\u00eb munguar as replikat n\u00eb distanc\u00eb mes vet\u00eb aktor\u00ebve.<\/p>\n<p>Aktori i madh shqiptar, \u2018Artist i merituar\u2019, \u2018Artist i Popullit\u2019 dhe \u201cNderi i Kombit\u201d Robert Ndrenika i \u00ebsht\u00eb p\u00ebrgjigjur kolegut t\u00eb tij Guljelm Radoja, i cili dit\u00ebn e djeshme e pyeti se \u201cp\u00ebrse u shit\u201d.<\/p>\n<p>Radoja i cili \u00ebsht\u00eb rreshtuar krah tyre q\u00eb nuk duan prishjen e Teatrit, ka folur para qytetar\u00ebve duke iu drejtuar edhe koleg\u00ebve t\u00eb tij q\u00eb dikur e kund\u00ebrshtuan shembjen por m\u00eb pas u deklaruan pro saj.<\/p>\n<p>Ai iu k\u00ebrkoi artist\u00ebve e qytetar\u00ebve q\u00eb kauza e Teatrit t\u00eb mos politizohet dhe iu b\u00ebri thirrje koleg\u00ebve q\u00eb t\u00eb ruajn\u00eb dinjitetin e tyre, duke iu referuar madje dhe aktorit t\u00eb madh Robert Ndrenika, ndon\u00ebse nuk e p\u00ebrmendi me em\u00ebr.<\/p>\n<p>N\u00eb lidhje me deklarat\u00ebn e tij, \u201cPanorama\u201d ka kontaktuar mbr\u00ebm\u00eb aktorin Robert Ndrenika, i cili ka pohuar se \u00ebsht\u00eb n\u00eb nj\u00eb gjendje jo t\u00eb mir\u00eb sh\u00ebndet\u00ebsore. Nga ana tjet\u00ebr e telefonit d\u00ebgjohej kolla e aktorit, q\u00eb her\u00eb pas here e pengonte t\u00eb fliste.<\/p>\n<p>\u201cT\u00eb m\u00eb falni, por nuk jam mir\u00eb me sh\u00ebndet. Nuk jam mir\u00eb. Un\u00eb kam b\u00ebr\u00eb disa deklarata m\u00eb par\u00eb, ja merrni ato. Sot e kishin shkruar n\u00eb nj\u00eb gazet\u00eb nj\u00ebr\u00ebn\u201d, thot\u00eb Ndrenika.<\/p>\n<p>P\u00ebr fjal\u00ebt e kolegut t\u00eb tij, q\u00eb n\u00eb nj\u00ebfar\u00eb m\u00ebnyre e akuzon se u lejua t\u00eb manipulohet nga politika, ai shprehet:<br \/>\n\u201cMendon se jam shitur?! Epo mir\u00eb, le t\u00eb mendoj\u00eb ashtu. Por a mund t\u00eb m\u00eb thot\u00eb se me se jam shitur?! E pra, kam marr\u00eb para. I thoni q\u00eb kam marr\u00eb nja 200 mij\u00eb euro\u201d, thot\u00eb me ironi Ndrenika. Gjendjen e r\u00ebnduar t\u00eb aktorit e pohojn\u00eb edhe miq t\u00eb tij.<\/p>\n<p>Ndrenika q\u00eb n\u00eb fillim t\u00eb protestave \u00ebsht\u00eb shprehur p\u00ebr nevoj\u00ebn e ngutshme p\u00ebr nj\u00eb teat\u00ebr t\u00eb ri, duke k\u00ebmb\u00ebngulur q\u00eb asnj\u00eb pjes\u00eb t\u00eb mos i kaloj\u00eb privatit. S\u00eb nj\u00ebjt\u00ebs deklarat\u00eb i q\u00ebndron edhe sot, duke shpresuar p\u00ebr nj\u00eb teat\u00ebr m\u00eb t\u00eb mir\u00eb p\u00ebr brezin e ri.<\/p>\n<p>&nbsp;<\/p>\n","protected":false},"excerpt":{"rendered":"<p>&nbsp; Nd\u00ebrsa artist\u00eb dhe qytetar\u00eb vijojn\u00eb protest\u00ebn kund\u00ebr prishjes s\u00eb Teatrit Komb\u00ebtar, nuk kan\u00eb munguar as replikat n\u00eb distanc\u00eb mes vet\u00eb aktor\u00ebve. Aktori i madh shqiptar, \u2018Artist i merituar\u2019, \u2018Artist i Popullit\u2019 dhe \u201cNderi i Kombit\u201d Robert Ndrenika i \u00ebsht\u00eb p\u00ebrgjigjur kolegut t\u00eb tij Guljelm Radoja, i cili dit\u00ebn e djeshme e pyeti se \u201cp\u00ebrse [&hellip;]<\/p>\n","protected":false},"author":2013,"featured_media":98667,"comment_status":"open","ping_status":"closed","sticky":false,"template":"","format":"standard","meta":{"footnotes":""},"categories":[241,235],"tags":[],"class_list":{"0":"post-98666","1":"post","2":"type-post","3":"status-publish","4":"format-standard","5":"has-post-thumbnail","7":"category-aktualitet","8":"category-vendi"},"_links":{"self":[{"href":"https:\/\/zjarr.tv\/sq\/wp-json\/wp\/v2\/posts\/98666","targetHints":{"allow":["GET"]}}],"collection":[{"href":"https:\/\/zjarr.tv\/sq\/wp-json\/wp\/v2\/posts"}],"about":[{"href":"https:\/\/zjarr.tv\/sq\/wp-json\/wp\/v2\/types\/post"}],"author":[{"embeddable":true,"href":"https:\/\/zjarr.tv\/sq\/wp-json\/wp\/v2\/users\/2013"}],"replies":[{"embeddable":true,"href":"https:\/\/zjarr.tv\/sq\/wp-json\/wp\/v2\/comments?post=98666"}],"version-history":[{"count":0,"href":"https:\/\/zjarr.tv\/sq\/wp-json\/wp\/v2\/posts\/98666\/revisions"}],"wp:featuredmedia":[{"embeddable":true,"href":"https:\/\/zjarr.tv\/sq\/wp-json\/wp\/v2\/media\/98667"}],"wp:attachment":[{"href":"https:\/\/zjarr.tv\/sq\/wp-json\/wp\/v2\/media?parent=98666"}],"wp:term":[{"taxonomy":"category","embeddable":true,"href":"https:\/\/zjarr.tv\/sq\/wp-json\/wp\/v2\/categories?post=98666"},{"taxonomy":"post_tag","embeddable":true,"href":"https:\/\/zjarr.tv\/sq\/wp-json\/wp\/v2\/tags?post=98666"}],"curies":[{"name":"wp","href":"https:\/\/api.w.org\/{rel}","templated":true}]}}