{"id":98674,"date":"2019-07-26T14:13:52","date_gmt":"2019-07-26T12:13:52","guid":{"rendered":"https:\/\/zjarr.tv\/?p=98674"},"modified":"2019-07-26T14:13:52","modified_gmt":"2019-07-26T12:13:52","slug":"pasuria-djeg-kreun-e-gjykates-se-larte-zaganjori-jashte-sistemit","status":"publish","type":"post","link":"https:\/\/zjarr.tv\/sq\/pasuria-djeg-kreun-e-gjykates-se-larte-zaganjori-jashte-sistemit\/","title":{"rendered":"Pasuria djeg kreun e Gjykat\u00ebs s\u00eb Lart\u00eb, Zaganjori jasht\u00eb sistemit"},"content":{"rendered":"<p>&nbsp;<\/p>\n<p>Kolegji i Posa\u00e7\u00ebm i Apelimit shpall vendimin p\u00ebr gjyqtarin, nj\u00ebher\u00ebsh Kryetarin e Gjykat\u00ebs s\u00eb Lart\u00eb, Xhezair Zaganjori, duke e shkarkuar p\u00ebrfundimisht nga sistemi p\u00ebr shkak t\u00eb pasuris\u00eb.<br \/>\nN\u00eb seanc\u00ebn e zhvilluar n\u00eb KPA, Zaganjori nuk ishte i pranish\u00ebm.<\/p>\n<p>Trupi gjykues tha se pas provave t\u00eb paraqitura nga subjekti i rivler\u00ebsimit, nuk mundi t\u00eb justifikonte pasurin\u00eb. KPA ka gjetur nd\u00ebr t\u00eb tjera problematika me pagesat e shkollimit t\u00eb f\u00ebmij\u00ebve t\u00eb Zaganjorit jasht\u00eb shtetit. Po ashtu probleme jan\u00eb konstatuar edhe me deklarimin e nj\u00eb apartamenti n\u00eb Durr\u00ebs.<\/p>\n<p>\u201cReferuar deklarat\u00ebs fillestare t\u00eb 2013 dhe t\u00eb vitit 2017, subjekti Xhezair Zaganjori \u00ebsht\u00eb i pasakt\u00eb n\u00eb deklarimin e sip\u00ebrfaqeve, vler\u00ebs dhe burimit t\u00eb k\u00ebtyre pasurive t\u00eb paluajtshme. Ai nuk arrin t\u00eb justifikoj\u00eb pasurit\u00eb. P\u00ebr rrjedhoj\u00eb ka kryer deklarim t\u00eb pasakt\u00eb\u201d, tha relatorja e seanc\u00ebs Albana Shtylla.<\/p>\n<p>Pasuri si sht\u00ebpia, nj\u00eb dyqan, garazhi dhe nj\u00eb bibliotek\u00eb ishin gjetur me probleme nga verifikimi i Komisionerit Publik.<\/p>\n<p>Ishte Komisioneri Publik, q\u00eb ankimoi vendimin e Komisionit t\u00eb Pavarur t\u00eb Kualifikimit q\u00eb e konfirmoi n\u00eb detyr\u00eb, duke k\u00ebrkuar shkarkimin e Xhezair Zaganjorit. Komisioneri Florian Ballhysa \u00ebsht\u00eb shprehur m\u00eb her\u00ebt se Zaganjori nuk justifikon pasuris\u00eb, nd\u00ebrsa vet\u00eb Zaganjori ka hedhur posht\u00eb pretendimin duke k\u00ebrkuar konfirmimin n\u00eb detyr\u00eb.<\/p>\n<p>Me largimin e Zaganjorit, Gjykata e Lart\u00eb mbetet me vet\u00ebm nj\u00eb an\u00ebtar, Ardian Dvoranin, i cili merr drejtimin e institucionit. Nga marsi i 2018, kur nis\u00ebn nga puna institucionet e vettingut, jan\u00eb shkarkuar nga detyra 7 gjyqtar\u00eb t\u00eb lart\u00eb, p\u00ebr problemet me pasurin\u00eb dhe lidhje me eksponent\u00eb t\u00eb krimit t\u00eb organizuar. Nd\u00ebrsa m\u00eb her\u00ebt 5 t\u00eb tjer\u00eb lan\u00eb detyr\u00ebn me mbarimin e mandatit.<\/p>\n<p><strong>\u00a0T\u00eb shkarkuar:\u00a0<\/strong>Admir Thanza,\u00a0Artan Zeneli,\u00a0Artan Broci,\u00a0Shk\u00eblzen Selimi,\u00a0Tom Ndreca,\u00a0Edmond Islamaj,\u00a0Xhezair Zaganjori.<strong>\u00a0<\/strong><\/p>\n<p>&nbsp;<\/p>\n","protected":false},"excerpt":{"rendered":"<p>&nbsp; Kolegji i Posa\u00e7\u00ebm i Apelimit shpall vendimin p\u00ebr gjyqtarin, nj\u00ebher\u00ebsh Kryetarin e Gjykat\u00ebs s\u00eb Lart\u00eb, Xhezair Zaganjori, duke e shkarkuar p\u00ebrfundimisht nga sistemi p\u00ebr shkak t\u00eb pasuris\u00eb. N\u00eb seanc\u00ebn e zhvilluar n\u00eb KPA, Zaganjori nuk ishte i pranish\u00ebm. Trupi gjykues tha se pas provave t\u00eb paraqitura nga subjekti i rivler\u00ebsimit, nuk mundi t\u00eb justifikonte [&hellip;]<\/p>\n","protected":false},"author":2013,"featured_media":98675,"comment_status":"open","ping_status":"closed","sticky":false,"template":"","format":"standard","meta":{"footnotes":""},"categories":[241,235],"tags":[],"class_list":{"0":"post-98674","1":"post","2":"type-post","3":"status-publish","4":"format-standard","5":"has-post-thumbnail","7":"category-aktualitet","8":"category-vendi"},"_links":{"self":[{"href":"https:\/\/zjarr.tv\/sq\/wp-json\/wp\/v2\/posts\/98674","targetHints":{"allow":["GET"]}}],"collection":[{"href":"https:\/\/zjarr.tv\/sq\/wp-json\/wp\/v2\/posts"}],"about":[{"href":"https:\/\/zjarr.tv\/sq\/wp-json\/wp\/v2\/types\/post"}],"author":[{"embeddable":true,"href":"https:\/\/zjarr.tv\/sq\/wp-json\/wp\/v2\/users\/2013"}],"replies":[{"embeddable":true,"href":"https:\/\/zjarr.tv\/sq\/wp-json\/wp\/v2\/comments?post=98674"}],"version-history":[{"count":0,"href":"https:\/\/zjarr.tv\/sq\/wp-json\/wp\/v2\/posts\/98674\/revisions"}],"wp:featuredmedia":[{"embeddable":true,"href":"https:\/\/zjarr.tv\/sq\/wp-json\/wp\/v2\/media\/98675"}],"wp:attachment":[{"href":"https:\/\/zjarr.tv\/sq\/wp-json\/wp\/v2\/media?parent=98674"}],"wp:term":[{"taxonomy":"category","embeddable":true,"href":"https:\/\/zjarr.tv\/sq\/wp-json\/wp\/v2\/categories?post=98674"},{"taxonomy":"post_tag","embeddable":true,"href":"https:\/\/zjarr.tv\/sq\/wp-json\/wp\/v2\/tags?post=98674"}],"curies":[{"name":"wp","href":"https:\/\/api.w.org\/{rel}","templated":true}]}}