{"id":98677,"date":"2019-07-26T14:15:50","date_gmt":"2019-07-26T12:15:50","guid":{"rendered":"https:\/\/zjarr.tv\/?p=98677"},"modified":"2019-07-26T14:15:50","modified_gmt":"2019-07-26T12:15:50","slug":"hahn-ne-serbi-normalizimi-i-marredhenieve-me-kosoven-hap-rrugen-drejt-be","status":"publish","type":"post","link":"https:\/\/zjarr.tv\/sq\/hahn-ne-serbi-normalizimi-i-marredhenieve-me-kosoven-hap-rrugen-drejt-be\/","title":{"rendered":"Hahn n\u00eb Serbi: Normalizimi i marr\u00ebdhenieve me Kosov\u00ebn, hap rrug\u00ebn drejt BE"},"content":{"rendered":"<p>&nbsp;<\/p>\n<p>Komisioneri i BE p\u00ebr zgjerimin Johannes es Hahn ka zhvillura nj\u00eb vizit\u00eb n\u00eb Beograd ku ai ka deklarura se Serbia duhte t\u00eb vazhdoj\u00eb reformat p\u00ebr t\u00eb vijuar rrug\u00ebn drejt BE-s\u00eb<\/p>\n<p>An\u00ebtar\u00ebsimi n\u00eb BE i Serbis\u00eb do ti sherbej\u00eb qytetar\u00ebve t\u00eb saj p\u00ebr t\u00eb patur nj\u00eb jet\u00eb m\u00eb t\u00eb mir\u00eb.<\/p>\n<p>&nbsp;<\/p>\n<p>Normalizimi i mardh\u00ebnieve me Prishtinen dhe beogradin do ti hapnin rrug\u00ebn Serbis\u00eb p\u00ebr tu an\u00ebtar\u00ebsuar.<\/p>\n<p>Reformat n\u00eb demokraci, sundimi i ligjit dhe normalizimi i marredhenieve me Prishtinen \u00ebsht\u00eb ideologjia e\u00a0 unionit, \u00ebsht\u00eb ajo \u00e7ka do t\u00eb \u00e7el\u00eb rrug\u00ebn e s\u00eb ardhmes s\u00eb Serbis\u00eb dhe qytetar\u00ebve t\u00eb saj ka th\u00ebn\u00eb Hahn.<\/p>\n<p>&nbsp;<\/p>\n","protected":false},"excerpt":{"rendered":"<p>&nbsp; Komisioneri i BE p\u00ebr zgjerimin Johannes es Hahn ka zhvillura nj\u00eb vizit\u00eb n\u00eb Beograd ku ai ka deklarura se Serbia duhte t\u00eb vazhdoj\u00eb reformat p\u00ebr t\u00eb vijuar rrug\u00ebn drejt BE-s\u00eb An\u00ebtar\u00ebsimi n\u00eb BE i Serbis\u00eb do ti sherbej\u00eb qytetar\u00ebve t\u00eb saj p\u00ebr t\u00eb patur nj\u00eb jet\u00eb m\u00eb t\u00eb mir\u00eb. &nbsp; Normalizimi i mardh\u00ebnieve me [&hellip;]<\/p>\n","protected":false},"author":2013,"featured_media":98678,"comment_status":"open","ping_status":"closed","sticky":false,"template":"","format":"standard","meta":{"footnotes":""},"categories":[241,2],"tags":[],"class_list":{"0":"post-98677","1":"post","2":"type-post","3":"status-publish","4":"format-standard","5":"has-post-thumbnail","7":"category-aktualitet","8":"category-rajoni"},"_links":{"self":[{"href":"https:\/\/zjarr.tv\/sq\/wp-json\/wp\/v2\/posts\/98677","targetHints":{"allow":["GET"]}}],"collection":[{"href":"https:\/\/zjarr.tv\/sq\/wp-json\/wp\/v2\/posts"}],"about":[{"href":"https:\/\/zjarr.tv\/sq\/wp-json\/wp\/v2\/types\/post"}],"author":[{"embeddable":true,"href":"https:\/\/zjarr.tv\/sq\/wp-json\/wp\/v2\/users\/2013"}],"replies":[{"embeddable":true,"href":"https:\/\/zjarr.tv\/sq\/wp-json\/wp\/v2\/comments?post=98677"}],"version-history":[{"count":0,"href":"https:\/\/zjarr.tv\/sq\/wp-json\/wp\/v2\/posts\/98677\/revisions"}],"wp:featuredmedia":[{"embeddable":true,"href":"https:\/\/zjarr.tv\/sq\/wp-json\/wp\/v2\/media\/98678"}],"wp:attachment":[{"href":"https:\/\/zjarr.tv\/sq\/wp-json\/wp\/v2\/media?parent=98677"}],"wp:term":[{"taxonomy":"category","embeddable":true,"href":"https:\/\/zjarr.tv\/sq\/wp-json\/wp\/v2\/categories?post=98677"},{"taxonomy":"post_tag","embeddable":true,"href":"https:\/\/zjarr.tv\/sq\/wp-json\/wp\/v2\/tags?post=98677"}],"curies":[{"name":"wp","href":"https:\/\/api.w.org\/{rel}","templated":true}]}}