{"id":98680,"date":"2019-07-26T14:17:02","date_gmt":"2019-07-26T12:17:02","guid":{"rendered":"https:\/\/zjarr.tv\/?p=98680"},"modified":"2019-07-26T14:17:02","modified_gmt":"2019-07-26T12:17:02","slug":"shmangu-tiranen-ndihmes-sekretari-reeker-i-garanton-kryeministrit-zaev-mbeshtetjen-per-negociatat","status":"publish","type":"post","link":"https:\/\/zjarr.tv\/sq\/shmangu-tiranen-ndihmes-sekretari-reeker-i-garanton-kryeministrit-zaev-mbeshtetjen-per-negociatat\/","title":{"rendered":"Shmangu Tiran\u00ebn Ndihm\u00ebs Sekretari, Reeker, i garanton kryeministrit Zaev mb\u00ebshtetjen p\u00ebr negociatat"},"content":{"rendered":"<p>&nbsp;<\/p>\n<p>N\u00eb nj\u00eb turne ballkanik ku ka r\u00ebn\u00eb n\u00eb sy shmangia e nj\u00eb vizite n\u00eb Tiran\u00eb,\u00a0 Ndihm\u00ebs Sekretari amerikan p\u00ebr Evrop\u00ebn dhe Euroazin\u00eb Philip Reeker aktualisht ndodhet p\u00ebr vizit\u00eb n\u00eb Maqedonin\u00eb e Veriut, ku u takua me kreun e qeveris\u00eb Zoran Zaev. Hapja e negociatave n\u00eb tetor me BE-n\u00eb, lufta kund\u00ebr terrorizmit dhe an\u00ebtar\u00ebsimi i vendit n\u00eb NATO, ishin temat kryesore t\u00eb nj\u00eb takimi q\u00eb u p\u00ebrshkrua nga mediat, si shum\u00eb i ngroht\u00eb.<\/p>\n<p>\u201cMaqedonia e Veriut ka mb\u00ebshtetjen e plot\u00eb t\u00eb SHBA-ve dhe t\u00eb Sekretarit Pompeo personalisht. Ju dhe vendi keni shansin m\u00eb t\u00eb mire tani p\u00ebr t\u00eb vazhduar rrug\u00ebn drejt integrimit n\u00eb BE. Ekonomia rritet dhe k\u00ebt\u00eb e tregojn\u00eb shifrat, progresi \u00ebsht\u00eb i v\u00ebrtet\u201d, deklaroi nga Shkupi Reeker.<\/p>\n<p>Diplomati amerikan l\u00ebshoi nj\u00eb mesazh edhe p\u00ebr opozit\u00ebn n\u00eb e k\u00ebtij vendi, duke theksuar se ajo duhet t\u00eb jet\u00eb pjes\u00eb e procesit t\u00eb an\u00ebtar\u00ebsimit t\u00eb vendit n\u00eb NATO dhe n\u00eb hapjen e negociatave.<\/p>\n<p>Nga ana tjet\u00ebr kryeministri Zaev u shpreh se tetori \u00ebsht\u00eb nj\u00eb moment i cili nuk duhet humbur p\u00ebr hapjen e negociatave.<\/p>\n<p>\u201cN\u00eb tetor vendi ka shansin m\u00eb t\u00eb mir\u00eb p\u00ebr t\u00eb hapur negociatat me BE-n\u00eb. Tashm\u00eb 21 vende an\u00ebtare t\u00eb NATO-s kane protokolluar an\u00ebtar\u00ebsimin dhe deri n\u00eb shtator, ose tetor maksimumi, do te ken\u00eb protokolluar t\u00eb gjith\u00eb vendet an\u00ebtare t\u00eb NATO-s\u201d tha me optimiz\u00ebm Zaev.<\/p>\n<p>Fillip Riker do t\u00eb takohet n\u00eb vazhdim t\u00eb k\u00ebsaj vizte, edhe me presidentin Stevo Pendarovski dhe me kryetarin e Kuvendit, Talat Xhaferi. Para vizit\u00ebs n\u00eb Shkup, Riker q\u00ebndroi n\u00eb Athin\u00eb, ku pati takime me shefin e diplomacis\u00eb greke, Nikos Dhendhias, me p\u00ebrfaq\u00ebsues t\u00eb tjer\u00eb qeveritar\u00eb, si dhe me ish-kryeministrin, Aleksis Cipras.<\/p>\n<p>&nbsp;<\/p>\n","protected":false},"excerpt":{"rendered":"<p>&nbsp; N\u00eb nj\u00eb turne ballkanik ku ka r\u00ebn\u00eb n\u00eb sy shmangia e nj\u00eb vizite n\u00eb Tiran\u00eb,\u00a0 Ndihm\u00ebs Sekretari amerikan p\u00ebr Evrop\u00ebn dhe Euroazin\u00eb Philip Reeker aktualisht ndodhet p\u00ebr vizit\u00eb n\u00eb Maqedonin\u00eb e Veriut, ku u takua me kreun e qeveris\u00eb Zoran Zaev. Hapja e negociatave n\u00eb tetor me BE-n\u00eb, lufta kund\u00ebr terrorizmit dhe an\u00ebtar\u00ebsimi i [&hellip;]<\/p>\n","protected":false},"author":2013,"featured_media":98681,"comment_status":"open","ping_status":"closed","sticky":false,"template":"","format":"standard","meta":{"footnotes":""},"categories":[241,2],"tags":[],"class_list":{"0":"post-98680","1":"post","2":"type-post","3":"status-publish","4":"format-standard","5":"has-post-thumbnail","7":"category-aktualitet","8":"category-rajoni"},"_links":{"self":[{"href":"https:\/\/zjarr.tv\/sq\/wp-json\/wp\/v2\/posts\/98680","targetHints":{"allow":["GET"]}}],"collection":[{"href":"https:\/\/zjarr.tv\/sq\/wp-json\/wp\/v2\/posts"}],"about":[{"href":"https:\/\/zjarr.tv\/sq\/wp-json\/wp\/v2\/types\/post"}],"author":[{"embeddable":true,"href":"https:\/\/zjarr.tv\/sq\/wp-json\/wp\/v2\/users\/2013"}],"replies":[{"embeddable":true,"href":"https:\/\/zjarr.tv\/sq\/wp-json\/wp\/v2\/comments?post=98680"}],"version-history":[{"count":0,"href":"https:\/\/zjarr.tv\/sq\/wp-json\/wp\/v2\/posts\/98680\/revisions"}],"wp:featuredmedia":[{"embeddable":true,"href":"https:\/\/zjarr.tv\/sq\/wp-json\/wp\/v2\/media\/98681"}],"wp:attachment":[{"href":"https:\/\/zjarr.tv\/sq\/wp-json\/wp\/v2\/media?parent=98680"}],"wp:term":[{"taxonomy":"category","embeddable":true,"href":"https:\/\/zjarr.tv\/sq\/wp-json\/wp\/v2\/categories?post=98680"},{"taxonomy":"post_tag","embeddable":true,"href":"https:\/\/zjarr.tv\/sq\/wp-json\/wp\/v2\/tags?post=98680"}],"curies":[{"name":"wp","href":"https:\/\/api.w.org\/{rel}","templated":true}]}}