{"id":98683,"date":"2019-07-26T14:18:28","date_gmt":"2019-07-26T12:18:28","guid":{"rendered":"https:\/\/zjarr.tv\/?p=98683"},"modified":"2019-07-26T14:18:28","modified_gmt":"2019-07-26T12:18:28","slug":"le-courrier-des-balkans-shembja-e-teatrit-fusha-i-lidhur-me-nje-rrjet-nderkombetar-droge","status":"publish","type":"post","link":"https:\/\/zjarr.tv\/sq\/le-courrier-des-balkans-shembja-e-teatrit-fusha-i-lidhur-me-nje-rrjet-nderkombetar-droge\/","title":{"rendered":"Le Courrier des Balkans: Shembja e Teatrit, Fusha i lidhur me nj\u00eb rrjet nd\u00ebrkomb\u00ebtar droge"},"content":{"rendered":"<p>&nbsp;<\/p>\n<p>P\u00ebrplasje t\u00eb forta n\u00eb Tiran\u00eb, n\u00eb p\u00ebrpjekje p\u00ebr t\u00eb ndaluar shkat\u00ebrrimin e teatrit komb\u00ebtar. Regjistrohen p\u00ebrballje mes protestuesve q\u00eb k\u00ebrkojn\u00eb t\u00eb pengohet shembja e godin\u00ebs historike dhe forcave t\u00eb policis\u00eb.<\/p>\n<p>Sekretari i p\u00ebrgjithsh\u00ebm i OSBE, Thomas Greminger u b\u00ebri thirrje \u2018t\u00eb gjitha pal\u00ebve\u2019 q\u00eb t\u00eb prisnin verdiktin e Kushtetueses.<\/p>\n<p>Nga Tirana, Katerina Sula<\/p>\n<p>N\u00eb agimin e s\u00eb m\u00ebrkur\u00ebs s\u00eb 24 korrikut, qindra polic\u00eb rrethuan Teatrin Komb\u00ebtar, me synimin p\u00ebr t\u00eb garantuar punimet e shembjes s\u00eb godin\u00ebs.<\/p>\n<p>P\u00ebrball\u00eb tyre u rreshtuan militant\u00eb t\u00eb Aleanc\u00ebs p\u00ebr Mbrojtjen e Teatrit, t\u00eb cil\u00ebt, edhe me mb\u00ebshtetjen e p\u00ebrfaq\u00ebsuesve t\u00eb opozit\u00ebs e penguan ngritjen e kantierit p\u00ebr fillimin e punimeve.<\/p>\n<p>Si pasoj\u00eb e p\u00ebrplasjeve t\u00eb dhunshme, pati shum\u00eb t\u00eb l\u00ebnduar, por n\u00eb p\u00ebrfundim t\u00eb dit\u00ebs, policia u detyrua t\u00eb t\u00ebrhiqej.<\/p>\n<p>Prej shkurtit t\u00eb 2018-s, p\u00ebrfaq\u00ebsues t\u00eb shoq\u00ebris\u00eb civile, intelektual\u00eb dhe artist\u00eb jan\u00eb mobilizuar kund\u00ebr shembjes s\u00eb Teatrit Komb\u00ebtar, i konsideruar si nj\u00eb nga lulet e ndritshme t\u00eb pasuris\u00eb historike e kulturore t\u00eb Tiran\u00ebs.<\/p>\n<p>Kryeministri Edi Rama dhe kryetari i bashkis\u00eb s\u00eb Tiran\u00ebs Erion Veliaj, q\u00eb t\u00eb dy t\u00eb Partis\u00eb Socialiste, k\u00ebmb\u00ebngulin se do t\u00eb vijojn\u00eb me projektin, duke deklamuar se nuk do t\u00eb t\u00ebrhiqen p\u00ebrball\u00eb nj\u00eb \u2018minoriteti\u2019 kund\u00ebrshtar\u00ebsh.<\/p>\n<p>N\u00ebse punimet do t\u00eb nisin me t\u00eb v\u00ebrtet\u00eb, Fusha sh.p.k, firma q\u00eb ka fituar kontrat\u00ebn PPP t\u00eb Teatrit, do t\u00eb merrte nj\u00eb truall publik, p\u00ebrfitimi prej t\u00eb cilit llogaritet n\u00eb 150 milion\u00eb euro, kurse n\u00eb k\u00ebmbim, nd\u00ebrtimi i Teatrit t\u00eb ri llogaritet t\u00eb kushtoj\u00eb vet\u00ebm 30 milion\u00eb euro.<\/p>\n<p>P\u00ebr ta legjitimuar k\u00ebt\u00eb projekt, qeveria e Edi Ram\u00ebs zgjodhi m\u00ebnyr\u00ebn e miratimit t\u00eb nj\u00eb Ligji Special, i cili bie ndesh me shume nene t\u00eb kushtetut\u00ebs.<\/p>\n<p>Presidenti Ilir Meta e ka kontestuar ligjin n\u00eb Gjykat\u00ebn Kushtetuese, por tashm\u00eb prej nj\u00eb viti, kjo gjykat\u00eb nuk \u00ebsht\u00eb m\u00eb n\u00eb funksionim. Sekretari i p\u00ebrgjithsh\u00ebm i OSBE-s\u00eb Thomas Greminger, n\u00eb vizit\u00eb dje n\u00eb Tiran\u00eb, u k\u00ebrkoi t\u00eb dyja pal\u00ebve q\u00eb t\u00eb mos vepronin, por t\u00eb prisnin verdiktin q\u00eb do t\u00eb merrte Gjykata.<\/p>\n<p>Skandali i Teatrit Komb\u00ebtar nuk \u00ebsht\u00eb thjesht nj\u00eb konflikt lokal. Ai \u00ebsht\u00eb shnd\u00ebrruar n\u00eb nj\u00eb skandal madhor, q\u00eb simbolizon kriz\u00ebn aktuale politike n\u00eb vend. Shefi i Partis\u00eb Demokratike Lulzim Basha u shpreh t\u00eb m\u00ebrkur\u00ebn se kantieri q\u00eb k\u00ebrkohej t\u00eb ngrihej s\u2019ishte gj\u00eb tjet\u00ebr ve\u00e7se nj\u00eb afer\u00eb e pastrimit t\u00eb parave.<\/p>\n<p>N\u00eb fakt, firma Fusha sh.p.k i p\u00ebrket nj\u00eb familjeje t\u00eb lidhur me nj\u00eb rrjet nd\u00ebrkomb\u00ebtar t\u00eb trafikut t\u00eb drog\u00ebs, celulat e t\u00eb cilit u \u00e7montuan nga policia n\u00eb Spanj\u00eb, n\u00eb vitin 2018.<\/p>\n<p>&nbsp;<\/p>\n","protected":false},"excerpt":{"rendered":"<p>&nbsp; P\u00ebrplasje t\u00eb forta n\u00eb Tiran\u00eb, n\u00eb p\u00ebrpjekje p\u00ebr t\u00eb ndaluar shkat\u00ebrrimin e teatrit komb\u00ebtar. Regjistrohen p\u00ebrballje mes protestuesve q\u00eb k\u00ebrkojn\u00eb t\u00eb pengohet shembja e godin\u00ebs historike dhe forcave t\u00eb policis\u00eb. Sekretari i p\u00ebrgjithsh\u00ebm i OSBE, Thomas Greminger u b\u00ebri thirrje \u2018t\u00eb gjitha pal\u00ebve\u2019 q\u00eb t\u00eb prisnin verdiktin e Kushtetueses. Nga Tirana, Katerina Sula N\u00eb [&hellip;]<\/p>\n","protected":false},"author":2013,"featured_media":98684,"comment_status":"open","ping_status":"closed","sticky":false,"template":"","format":"standard","meta":{"footnotes":""},"categories":[241,235],"tags":[],"class_list":{"0":"post-98683","1":"post","2":"type-post","3":"status-publish","4":"format-standard","5":"has-post-thumbnail","7":"category-aktualitet","8":"category-vendi"},"_links":{"self":[{"href":"https:\/\/zjarr.tv\/sq\/wp-json\/wp\/v2\/posts\/98683","targetHints":{"allow":["GET"]}}],"collection":[{"href":"https:\/\/zjarr.tv\/sq\/wp-json\/wp\/v2\/posts"}],"about":[{"href":"https:\/\/zjarr.tv\/sq\/wp-json\/wp\/v2\/types\/post"}],"author":[{"embeddable":true,"href":"https:\/\/zjarr.tv\/sq\/wp-json\/wp\/v2\/users\/2013"}],"replies":[{"embeddable":true,"href":"https:\/\/zjarr.tv\/sq\/wp-json\/wp\/v2\/comments?post=98683"}],"version-history":[{"count":0,"href":"https:\/\/zjarr.tv\/sq\/wp-json\/wp\/v2\/posts\/98683\/revisions"}],"wp:featuredmedia":[{"embeddable":true,"href":"https:\/\/zjarr.tv\/sq\/wp-json\/wp\/v2\/media\/98684"}],"wp:attachment":[{"href":"https:\/\/zjarr.tv\/sq\/wp-json\/wp\/v2\/media?parent=98683"}],"wp:term":[{"taxonomy":"category","embeddable":true,"href":"https:\/\/zjarr.tv\/sq\/wp-json\/wp\/v2\/categories?post=98683"},{"taxonomy":"post_tag","embeddable":true,"href":"https:\/\/zjarr.tv\/sq\/wp-json\/wp\/v2\/tags?post=98683"}],"curies":[{"name":"wp","href":"https:\/\/api.w.org\/{rel}","templated":true}]}}