{"id":98697,"date":"2019-07-26T15:14:49","date_gmt":"2019-07-26T13:14:49","guid":{"rendered":"https:\/\/zjarr.tv\/?p=98697"},"modified":"2019-07-26T15:14:49","modified_gmt":"2019-07-26T13:14:49","slug":"vasili-zgjatja-e-krizes-ne-interes-te-rilindjes-13-tetori-detyrim-per-te-gjithe","status":"publish","type":"post","link":"https:\/\/zjarr.tv\/sq\/vasili-zgjatja-e-krizes-ne-interes-te-rilindjes-13-tetori-detyrim-per-te-gjithe\/","title":{"rendered":"Vasili: Zgjatja e kriz\u00ebs n\u00eb interes t\u00eb \u2018Rilindjes\u2019, 13 tetori detyrim p\u00ebr t\u00eb gjith\u00eb"},"content":{"rendered":"<p>&nbsp;<\/p>\n<p>I ftuar n\u00eb studion e A2 News, n\u00ebnkryetari i L\u00ebvizjes Socialiste p\u00ebr Integrim, Petrit Vasili \u00ebsht\u00eb shprehur se zhvillimi i zgjedhjeve n\u00eb 13 tetor dhe pjes\u00ebmarrja \u00ebsht\u00eb nj\u00eb detyrim p\u00ebr mazhoranc\u00ebn dhe p\u00ebr opozit\u00ebn.<\/p>\n<p>Vasili u shpreh se mir\u00ebpret negociimin e kriz\u00ebs nga OSBE dhe theksoi se zgjatja e saj thellon kapjen e shtetit nga Rilindja.<\/p>\n<p>\u2018Zgjedhjet n\u00eb 13 tetor, pjesmarrja detyrim p\u00ebr opozit\u00ebn dhe maxhoranc\u00ebn.<\/p>\n<p>Kriza duhet t\u00eb zgjidhet sa m\u00eb par\u00eb. Ftesa e presidentit p\u00ebr OSBE p\u00ebr negocimin e kriz\u00ebs e mir\u00ebpritur. Rivendosja e shtetit ligjor shp\u00ebtimi i vet\u00ebm p\u00ebr vendin. Zgjatja e kriz\u00ebs n\u00eb interes vet\u00ebm t\u00eb rilindjes, q\u00eb t\u00eb vjedh\u00eb e pand\u00ebshkuar dhe \u00ebsht\u00eb thellim i kapjes s\u00eb shtetit nga rilindja.<\/p>\n<p>KQZ t\u00eb hap\u00eb procedurat p\u00ebr 13 tetorin, bllokimi i 13 tetorit nga KQZ p\u00ebrgjegj\u00ebsi penale shum\u00eb e r\u00ebnd\u00eb. 30 qershori votime moniste q\u00eb i beson vet\u00ebm Edi Rama. 30 qershori faqja m\u00eb zez\u00eb e pluralizmit.\u2019<\/p>\n<p>&nbsp;<\/p>\n","protected":false},"excerpt":{"rendered":"<p>&nbsp; I ftuar n\u00eb studion e A2 News, n\u00ebnkryetari i L\u00ebvizjes Socialiste p\u00ebr Integrim, Petrit Vasili \u00ebsht\u00eb shprehur se zhvillimi i zgjedhjeve n\u00eb 13 tetor dhe pjes\u00ebmarrja \u00ebsht\u00eb nj\u00eb detyrim p\u00ebr mazhoranc\u00ebn dhe p\u00ebr opozit\u00ebn. Vasili u shpreh se mir\u00ebpret negociimin e kriz\u00ebs nga OSBE dhe theksoi se zgjatja e saj thellon kapjen e shtetit [&hellip;]<\/p>\n","protected":false},"author":2013,"featured_media":70162,"comment_status":"open","ping_status":"closed","sticky":false,"template":"","format":"standard","meta":{"footnotes":""},"categories":[241,235],"tags":[],"class_list":{"0":"post-98697","1":"post","2":"type-post","3":"status-publish","4":"format-standard","5":"has-post-thumbnail","7":"category-aktualitet","8":"category-vendi"},"_links":{"self":[{"href":"https:\/\/zjarr.tv\/sq\/wp-json\/wp\/v2\/posts\/98697","targetHints":{"allow":["GET"]}}],"collection":[{"href":"https:\/\/zjarr.tv\/sq\/wp-json\/wp\/v2\/posts"}],"about":[{"href":"https:\/\/zjarr.tv\/sq\/wp-json\/wp\/v2\/types\/post"}],"author":[{"embeddable":true,"href":"https:\/\/zjarr.tv\/sq\/wp-json\/wp\/v2\/users\/2013"}],"replies":[{"embeddable":true,"href":"https:\/\/zjarr.tv\/sq\/wp-json\/wp\/v2\/comments?post=98697"}],"version-history":[{"count":0,"href":"https:\/\/zjarr.tv\/sq\/wp-json\/wp\/v2\/posts\/98697\/revisions"}],"wp:featuredmedia":[{"embeddable":true,"href":"https:\/\/zjarr.tv\/sq\/wp-json\/wp\/v2\/media\/70162"}],"wp:attachment":[{"href":"https:\/\/zjarr.tv\/sq\/wp-json\/wp\/v2\/media?parent=98697"}],"wp:term":[{"taxonomy":"category","embeddable":true,"href":"https:\/\/zjarr.tv\/sq\/wp-json\/wp\/v2\/categories?post=98697"},{"taxonomy":"post_tag","embeddable":true,"href":"https:\/\/zjarr.tv\/sq\/wp-json\/wp\/v2\/tags?post=98697"}],"curies":[{"name":"wp","href":"https:\/\/api.w.org\/{rel}","templated":true}]}}